{"id":9971,"date":"2022-12-09T15:55:51","date_gmt":"2022-12-09T14:55:51","guid":{"rendered":"http:\/\/www.afc69.fr\/?p=9971"},"modified":"2022-12-09T16:11:24","modified_gmt":"2022-12-09T15:11:24","slug":"une-belle-victoire-face-a-la-progression-de-la-gpa-message-de-juristes-pour-lenfance","status":"publish","type":"post","link":"https:\/\/www.afc69.fr\/?p=9971","title":{"rendered":"Une belle victoire face \u00e0 la progression de la GPA : message de Juristes pour l&rsquo;enfance"},"content":{"rendered":"<div class=\"wp-block-image\">\n<figure class=\"aligncenter size-full\"><a href=\"https:\/\/www.juristespourlenfance.com\/2022\/12\/04\/16384\/\"><img loading=\"lazy\" decoding=\"async\" width=\"599\" height=\"94\" src=\"https:\/\/www.afc69.fr\/wp-content\/uploads\/2022\/12\/image-3.png\" alt=\"\" class=\"wp-image-9973\" srcset=\"https:\/\/www.afc69.fr\/wp-content\/uploads\/2022\/12\/image-3.png 599w, https:\/\/www.afc69.fr\/wp-content\/uploads\/2022\/12\/image-3-300x47.png 300w, https:\/\/www.afc69.fr\/wp-content\/uploads\/2022\/12\/image-3-500x78.png 500w\" sizes=\"auto, (max-width: 599px) 100vw, 599px\" \/><\/a><\/figure>\n<\/div>\n\n\n<figure class=\"wp-block-table\"><table><tbody><tr><td>Nous avons la joie de <strong>vous faire part d\u2019une belle victoire obtenue le 23 novembre devant la Cour de Cassation : la Haute juridiction a donn\u00e9 raison \u00e0 <\/strong><em><strong>Juristes pour l\u2019enfance<\/strong> <\/em>qui demandait \u00e0 OVH, soci\u00e9t\u00e9 d\u2019h\u00e9bergement de sites internet, de rendre inaccessible sur le territoire fran\u00e7ais <strong>un site espagnol proposant aux Fran\u00e7ais des prestations de m\u00e8res porteuses <\/strong>(Cour de cassation, 1\u00e8re chambre civile, 23 novembre 2022, n\u00b0 21-10.220, <a rel=\"noreferrer noopener\" href=\"http:\/\/2zn7.mj.am\/nl3\/1-nghtt9MZCYNcn3eOIsPA?hl=fr\" target=\"_blank\"><em><strong><u>voir notre communiqu\u00e9 ICI<\/u><\/strong><\/em><\/a><em><strong>)<\/strong><\/em>. La Cour de cassation nous confirme, enfin !, dans notre<strong> juste combat contre l\u2019avanc\u00e9e de la GPA sur le territoire fran\u00e7ais<\/strong>. C\u2019est un r\u00e9el encouragement pour notre association qui nous incite \u00e0 <strong>tenir fermement la position sur le terrain juridique, pour les enfants.<\/strong><br>Les projets d\u00e9l\u00e9t\u00e8res ne manquent pas, c\u2019est pourquoi nous venons d\u2019adresser une contribution au minist\u00e8re de la justice <strong>sur son projet de code de droit international priv\u00e9 qui pr\u00e9voit, que<\/strong> <strong>les juges fran\u00e7ais pourraient, dans leurs propres d\u00e9cisions, \u00e9tablir des filiations en application de lois \u00e9trang\u00e8res pr\u00e9voyant la GPA !<\/strong> &nbsp;(<a rel=\"noreferrer noopener\" href=\"http:\/\/2zn7.mj.am\/nl3\/US68DkS70-NctJmh2BA7fQ?hl=fr\" target=\"_blank\"><em><strong><u>voir notre communiqu\u00e9 ICI<\/u><\/strong><\/em><\/a>)<br>Nous intervenons \u00e9galement aupr\u00e8s de la Commission europ\u00e9enne pour <strong>r\u00e9cuser son initiative sur la reconnaissance des parentalit\u00e9s transfronti\u00e8re<\/strong>, qui vise encore<strong> \u00e0 mettre les Etats devant le fait accompli de la GPA<\/strong> (<a rel=\"noreferrer noopener\" href=\"http:\/\/2zn7.mj.am\/nl3\/HKDsxRYY9bKmqhSxkjc2eA?hl=fr\" target=\"_blank\"><em><strong><u>voir notre communiqu\u00e9 ICI<\/u><\/strong><\/em><\/a>).<br>Nous avons enfin adress\u00e9 le 1er d\u00e9cembre <strong>un rapport au Comit\u00e9 des Droits de l\u2019Enfant attach\u00e9 \u00e0 l\u2019ONU<\/strong> pour lui demander d\u2019interpeller le gouvernement fran\u00e7ais sur <strong>les atteintes aux droits et besoins fondamentaux des enfants.<\/strong> (<a rel=\"noreferrer noopener\" href=\"http:\/\/2zn7.mj.am\/nl3\/8_wMD2APyusQdjkZqo83hQ?hl=fr\" target=\"_blank\"><em><strong><u>Voir notre communiqu\u00e9 ICI<\/u><\/strong><\/em><\/a>)<a rel=\"noreferrer noopener\" href=\"http:\/\/2zn7.mj.am\/lnk\/AXEAAAZjeR4AAc00ioIAAI6trwMAAOdJOlYAKPI5AAMWTABjijGvkMOBzMJiQfejHQvukr4H6QAC9LI\/1\/nZKHAfAtpR0O63HRRgcd0g\/aHR0cHM6Ly93d3cuanVyaXN0ZXNwb3VybGVuZmFuY2UuY29tL3dwLWNvbnRlbnQvdXBsb2Fkcy8yMDIyLzEyLzIwMjItMTEtMjktUmFwcG9ydC1hbHRlcm5hdGlmLUpQRS1DSURFLUVYQU1FTi1QRVJJT0RJUVVFLURFLUxBLUZSQU5DRS0yMDIyMS5wZGYp\" target=\"_blank\"><em><strong><u>Voir le rapport ICI<\/u><\/strong><\/em><\/a><br>Pour faire face \u00e0 toutes ces urgences,<strong> nous avons besoin d\u2019augmenter le nombre de nos donateurs.<\/strong>Comme vous le savez, <strong>une action en justice men\u00e9e jusqu&rsquo;\u00e0 la Cour de cassation suppose un investissement financier important. <\/strong>Notre victoire en Cour de cassation du 23 novembre est le fruit de cinq ann\u00e9es de lutte judiciaire : <strong>nous avons gagn\u00e9 devant le tribunal de grande instance, mais la soci\u00e9t\u00e9 OVH a fait appel. Nous avons gagn\u00e9 en Cour d\u2019appel, mais OVH s\u2019est pourvu devant la Cour de cassation, nous obligeant \u00e0 produire constats, m\u00e9moires, r\u00e9ponses aux arguments adverses, audiences etc.&nbsp;<\/strong>Si vous \u00eates d\u00e9j\u00e0 donateur de <em><strong>Juristes pour l&rsquo;enfance<\/strong><\/em>, <strong>un immense merci pour votre soutien.<\/strong>Si vous n\u2019\u00eates pas encore donateur et que v<strong>ous discernez le caract\u00e8re irrempla\u00e7able de notre action<\/strong>, voudriez-vous nous soutenir ? &nbsp;<a rel=\"noreferrer noopener\" href=\"http:\/\/2zn7.mj.am\/lnk\/AXEAAAZjeR4AAc00ioIAAI6trwMAAOdJOlYAKPI5AAMWTABjijGvkMOBzMJiQfejHQvukr4H6QAC9LI\/2\/kvKNvv_hiCrM6Dze8oRY0g\/aHR0cHM6Ly93d3cuaGVsbG9hc3NvLmNvbS9hc3NvY2lhdGlvbnMvanVyaXN0ZXMtcG91ci1sLWVuZmFuY2UvZm9ybXVsYWlyZXMvNi93aWRnZXQ\" target=\"_blank\"><strong>Je fais un DON par carte bleue&nbsp;<\/strong><\/a><\/td><\/tr><\/tbody><\/table><\/figure>\n\n\n\n<figure class=\"wp-block-table\"><table><tbody><tr><td>Vous pouvez faire un don en ligne, un virement (<a href=\"http:\/\/2zn7.mj.am\/lnk\/AXEAAAZjeR4AAc00ioIAAI6trwMAAOdJOlYAKPI5AAMWTABjijGvkMOBzMJiQfejHQvukr4H6QAC9LI\/3\/66Uh30KgJzq-gw5ayxqZzQ\/aHR0cHM6Ly93d3cuanVyaXN0ZXNwb3VybGVuZmFuY2UuY29tL3dwLWNvbnRlbnQvdXBsb2Fkcy8yMDIyLzExL1JJQi1KUEUuanBn\" target=\"_blank\" rel=\"noreferrer noopener\"><strong><u>RIB ICI<\/u><\/strong><\/a>) ou adresser un ch\u00e8que \u00e0 :<em> <strong>Juristes pour l\u2019enfance<\/strong><\/em><strong>, 23 rue Royale, 69001 Lyon.<\/strong> Nous vous enverrons votre re\u00e7u fiscal en f\u00e9vrier 2023 : vous pourrez b\u00e9n\u00e9ficier d\u2019une r\u00e9duction fiscale de 66% sur votre Imp\u00f4t sur le Revenu 2022.Avec par avance<strong> tous nos remerciements pour votre soutien qui nous permet d\u2019agir,<\/strong> soyez assur\u00e9s, chers amis, de notre d\u00e9vouement au service de l\u2019enfance.<\/td><\/tr><\/tbody><\/table><\/figure>\n","protected":false},"excerpt":{"rendered":"<p>Nous avons la joie de vous faire part d\u2019une belle victoire obtenue le 23 novembre devant la Cour de Cassation : la Haute juridiction a donn\u00e9 raison \u00e0 Juristes pour l\u2019enfance qui demandait \u00e0 OVH, soci\u00e9t\u00e9 d\u2019h\u00e9bergement de sites internet, &hellip; <a href=\"https:\/\/www.afc69.fr\/?p=9971\">Continuer la lecture <span class=\"meta-nav\">&rarr;<\/span><\/a><\/p>\n","protected":false},"author":2,"featured_media":9972,"comment_status":"open","ping_status":"open","sticky":false,"template":"","format":"standard","meta":{"footnotes":""},"categories":[60],"tags":[],"class_list":["post-9971","post","type-post","status-publish","format-standard","has-post-thumbnail","hentry","category-communiques-de-presse"],"_links":{"self":[{"href":"https:\/\/www.afc69.fr\/index.php?rest_route=\/wp\/v2\/posts\/9971","targetHints":{"allow":["GET"]}}],"collection":[{"href":"https:\/\/www.afc69.fr\/index.php?rest_route=\/wp\/v2\/posts"}],"about":[{"href":"https:\/\/www.afc69.fr\/index.php?rest_route=\/wp\/v2\/types\/post"}],"author":[{"embeddable":true,"href":"https:\/\/www.afc69.fr\/index.php?rest_route=\/wp\/v2\/users\/2"}],"replies":[{"embeddable":true,"href":"https:\/\/www.afc69.fr\/index.php?rest_route=%2Fwp%2Fv2%2Fcomments&post=9971"}],"version-history":[{"count":2,"href":"https:\/\/www.afc69.fr\/index.php?rest_route=\/wp\/v2\/posts\/9971\/revisions"}],"predecessor-version":[{"id":10009,"href":"https:\/\/www.afc69.fr\/index.php?rest_route=\/wp\/v2\/posts\/9971\/revisions\/10009"}],"wp:featuredmedia":[{"embeddable":true,"href":"https:\/\/www.afc69.fr\/index.php?rest_route=\/wp\/v2\/media\/9972"}],"wp:attachment":[{"href":"https:\/\/www.afc69.fr\/index.php?rest_route=%2Fwp%2Fv2%2Fmedia&parent=9971"}],"wp:term":[{"taxonomy":"category","embeddable":true,"href":"https:\/\/www.afc69.fr\/index.php?rest_route=%2Fwp%2Fv2%2Fcategories&post=9971"},{"taxonomy":"post_tag","embeddable":true,"href":"https:\/\/www.afc69.fr\/index.php?rest_route=%2Fwp%2Fv2%2Ftags&post=9971"}],"curies":[{"name":"wp","href":"https:\/\/api.w.org\/{rel}","templated":true}]}}