{"id":8377,"date":"2021-12-02T16:00:58","date_gmt":"2021-12-02T15:00:58","guid":{"rendered":"http:\/\/www.afc69.fr\/?p=8377"},"modified":"2021-12-02T16:15:18","modified_gmt":"2021-12-02T15:15:18","slug":"circulaire-blanquer-lecole-face-a-la-confusion-des-genres","status":"publish","type":"post","link":"https:\/\/www.afc69.fr\/?p=8377","title":{"rendered":"Circulaire Blanquer : \u00ab\u00a0L&rsquo;\u00e9cole face \u00e0 la confusion des genres\u00a0\u00bb"},"content":{"rendered":"\n<p class=\"has-text-align-center\"><strong>FIGAROVOX\/TRIBUNE &#8211; Parue le 29 septembre, une circulaire de l&rsquo;\u00c9ducation nationale a fix\u00e9 les principes pour un meilleur accueil des \u00e9l\u00e8ves transgenres en milieu scolaire. Olivier Gosset, enseignant et pr\u00e9sident de l&rsquo;association des \u00ab\u00a0Enseignants pour l&rsquo;enfance\u00a0\u00bb, consid\u00e8re que certaines pr\u00e9conisations du texte outrepassent largement les missions de l&rsquo;\u00e9cole.<\/strong><\/p>\n\n\n\n<div class=\"wp-block-image\"><figure class=\"aligncenter size-full\"><a href=\"https:\/\/www.msn.com\/fr-fr\/actualite\/other\/circulaire-blanquer-l%C3%A9cole-face-%C3%A0-la-confusion-des-genres\/ar-AAQJjdR\"><img loading=\"lazy\" decoding=\"async\" width=\"569\" height=\"183\" src=\"https:\/\/www.afc69.fr\/wp-content\/uploads\/2021\/12\/image-5.png\" alt=\"\" class=\"wp-image-8380\" srcset=\"https:\/\/www.afc69.fr\/wp-content\/uploads\/2021\/12\/image-5.png 569w, https:\/\/www.afc69.fr\/wp-content\/uploads\/2021\/12\/image-5-300x96.png 300w, https:\/\/www.afc69.fr\/wp-content\/uploads\/2021\/12\/image-5-500x161.png 500w\" sizes=\"auto, (max-width: 569px) 100vw, 569px\" \/><\/a><\/figure><\/div>\n\n\n\n<p><\/p>\n","protected":false},"excerpt":{"rendered":"<p>FIGAROVOX\/TRIBUNE &#8211; Parue le 29 septembre, une circulaire de l&rsquo;\u00c9ducation nationale a fix\u00e9 les principes pour un meilleur accueil des \u00e9l\u00e8ves transgenres en milieu scolaire. Olivier Gosset, enseignant et pr\u00e9sident de l&rsquo;association des \u00ab\u00a0Enseignants pour l&rsquo;enfance\u00a0\u00bb, consid\u00e8re que certaines pr\u00e9conisations &hellip; <a href=\"https:\/\/www.afc69.fr\/?p=8377\">Continuer la lecture <span class=\"meta-nav\">&rarr;<\/span><\/a><\/p>\n","protected":false},"author":2,"featured_media":0,"comment_status":"open","ping_status":"open","sticky":false,"template":"","format":"standard","meta":{"footnotes":""},"categories":[61,60],"tags":[],"class_list":["post-8377","post","type-post","status-publish","format-standard","hentry","category-actions-nationales","category-communiques-de-presse"],"_links":{"self":[{"href":"https:\/\/www.afc69.fr\/index.php?rest_route=\/wp\/v2\/posts\/8377","targetHints":{"allow":["GET"]}}],"collection":[{"href":"https:\/\/www.afc69.fr\/index.php?rest_route=\/wp\/v2\/posts"}],"about":[{"href":"https:\/\/www.afc69.fr\/index.php?rest_route=\/wp\/v2\/types\/post"}],"author":[{"embeddable":true,"href":"https:\/\/www.afc69.fr\/index.php?rest_route=\/wp\/v2\/users\/2"}],"replies":[{"embeddable":true,"href":"https:\/\/www.afc69.fr\/index.php?rest_route=%2Fwp%2Fv2%2Fcomments&post=8377"}],"version-history":[{"count":2,"href":"https:\/\/www.afc69.fr\/index.php?rest_route=\/wp\/v2\/posts\/8377\/revisions"}],"predecessor-version":[{"id":8381,"href":"https:\/\/www.afc69.fr\/index.php?rest_route=\/wp\/v2\/posts\/8377\/revisions\/8381"}],"wp:attachment":[{"href":"https:\/\/www.afc69.fr\/index.php?rest_route=%2Fwp%2Fv2%2Fmedia&parent=8377"}],"wp:term":[{"taxonomy":"category","embeddable":true,"href":"https:\/\/www.afc69.fr\/index.php?rest_route=%2Fwp%2Fv2%2Fcategories&post=8377"},{"taxonomy":"post_tag","embeddable":true,"href":"https:\/\/www.afc69.fr\/index.php?rest_route=%2Fwp%2Fv2%2Ftags&post=8377"}],"curies":[{"name":"wp","href":"https:\/\/api.w.org\/{rel}","templated":true}]}}