{"id":8370,"date":"2021-12-02T15:50:00","date_gmt":"2021-12-02T14:50:00","guid":{"rendered":"http:\/\/www.afc69.fr\/?p=8370"},"modified":"2021-12-02T16:15:34","modified_gmt":"2021-12-02T15:15:34","slug":"intervention-de-la-presidente-de-la-manif-pour-tous-a-la-tribune-de-lonu","status":"publish","type":"post","link":"https:\/\/www.afc69.fr\/?p=8370","title":{"rendered":"Intervention de la pr\u00e9sidente de La Manif Pour Tous \u00e0 la tribune de l&rsquo;ONU"},"content":{"rendered":"\n<figure class=\"wp-block-image size-large\"><a href=\"https:\/\/www.lamanifpourtous.fr\/mediatheque\/nos-videos\/ludovine-de-la-rochere-prend-la-parole-a-lonu-03-11-2021?utm_source=newsletter&amp;utm_medium=image-video-onu&amp;utm_campaign=nl30112021\"><img loading=\"lazy\" decoding=\"async\" width=\"1024\" height=\"522\" src=\"https:\/\/www.afc69.fr\/wp-content\/uploads\/2021\/12\/image-4-1024x522.png\" alt=\"\" class=\"wp-image-8371\" srcset=\"https:\/\/www.afc69.fr\/wp-content\/uploads\/2021\/12\/image-4-1024x522.png 1024w, https:\/\/www.afc69.fr\/wp-content\/uploads\/2021\/12\/image-4-300x153.png 300w, https:\/\/www.afc69.fr\/wp-content\/uploads\/2021\/12\/image-4-768x392.png 768w, https:\/\/www.afc69.fr\/wp-content\/uploads\/2021\/12\/image-4-500x255.png 500w, https:\/\/www.afc69.fr\/wp-content\/uploads\/2021\/12\/image-4.png 1108w\" sizes=\"auto, (max-width: 1024px) 100vw, 1024px\" \/><\/a><\/figure>\n\n\n\n<p><strong>La pr\u00e9sidente de La Manif Pour Tous a pris la parole \u00e0 la tribune de l&rsquo;ONU<\/strong>&nbsp;\u00e0 l&rsquo;occasion de la 80e session du Comit\u00e9 sur l&rsquo;\u00e9limination de toutes les formes de discrimination \u00e0 l&rsquo;\u00e9gard des femmes (CEDAW) ce 3 novembre 2021.<\/p>\n\n\n\n<p><strong>Ludovine de La Roch\u00e8re a en particulier appel\u00e9 la F\u00e9d\u00e9ration de Russie \u00e0 revoir son projet de loi visant \u00e0 encadrer la pratique des m\u00e8res porteuses.<\/strong><\/p>\n\n\n\n<p>La GPA, qui consiste \u00e0 s&rsquo;approprier une femme pour une dur\u00e9e d\u00e9termin\u00e9e et \u00e0 s&rsquo;approprier un enfant pour une dur\u00e9e ind\u00e9termin\u00e9e, est&nbsp;&nbsp;<strong>un esclavage suivant l&rsquo;article 1er de la Convention relative \u00e0 l&rsquo;esclavage (Gen\u00e8ve, 1926)<\/strong>&nbsp;: \u00ab&nbsp;l&rsquo;esclavage est l&rsquo;\u00e9tat ou condition d&rsquo;un individu sur lequel s&rsquo;exercent les attributs du droit de propri\u00e9t\u00e9 ou certains d&rsquo;entre eux.&nbsp;\u00bb<\/p>\n\n\n\n<p><strong>La GPA, on ne l&rsquo;encadre pas, on l&rsquo;abolit&nbsp;!<\/strong><\/p>\n\n\n\n<p>Pour \u00e9couter Ludivine de La Roch\u00e8re, cliquez sur l&rsquo;image ou <span style=\"color:#c3080b\" class=\"has-inline-color\"><a href=\"https:\/\/www.lamanifpourtous.fr\/mediatheque\/nos-videos\/ludovine-de-la-rochere-prend-la-parole-a-lonu-03-11-2021?utm_source=newsletter&amp;utm_medium=image-video-onu&amp;utm_campaign=nl30112021\">ici<\/a><\/span><\/p>\n","protected":false},"excerpt":{"rendered":"<p>La pr\u00e9sidente de La Manif Pour Tous a pris la parole \u00e0 la tribune de l&rsquo;ONU&nbsp;\u00e0 l&rsquo;occasion de la 80e session du Comit\u00e9 sur l&rsquo;\u00e9limination de toutes les formes de discrimination \u00e0 l&rsquo;\u00e9gard des femmes (CEDAW) ce 3 novembre 2021. &hellip; <a href=\"https:\/\/www.afc69.fr\/?p=8370\">Continuer la lecture <span class=\"meta-nav\">&rarr;<\/span><\/a><\/p>\n","protected":false},"author":2,"featured_media":0,"comment_status":"open","ping_status":"open","sticky":false,"template":"","format":"standard","meta":{"footnotes":""},"categories":[61,60],"tags":[],"class_list":["post-8370","post","type-post","status-publish","format-standard","hentry","category-actions-nationales","category-communiques-de-presse"],"_links":{"self":[{"href":"https:\/\/www.afc69.fr\/index.php?rest_route=\/wp\/v2\/posts\/8370","targetHints":{"allow":["GET"]}}],"collection":[{"href":"https:\/\/www.afc69.fr\/index.php?rest_route=\/wp\/v2\/posts"}],"about":[{"href":"https:\/\/www.afc69.fr\/index.php?rest_route=\/wp\/v2\/types\/post"}],"author":[{"embeddable":true,"href":"https:\/\/www.afc69.fr\/index.php?rest_route=\/wp\/v2\/users\/2"}],"replies":[{"embeddable":true,"href":"https:\/\/www.afc69.fr\/index.php?rest_route=%2Fwp%2Fv2%2Fcomments&post=8370"}],"version-history":[{"count":3,"href":"https:\/\/www.afc69.fr\/index.php?rest_route=\/wp\/v2\/posts\/8370\/revisions"}],"predecessor-version":[{"id":8375,"href":"https:\/\/www.afc69.fr\/index.php?rest_route=\/wp\/v2\/posts\/8370\/revisions\/8375"}],"wp:attachment":[{"href":"https:\/\/www.afc69.fr\/index.php?rest_route=%2Fwp%2Fv2%2Fmedia&parent=8370"}],"wp:term":[{"taxonomy":"category","embeddable":true,"href":"https:\/\/www.afc69.fr\/index.php?rest_route=%2Fwp%2Fv2%2Fcategories&post=8370"},{"taxonomy":"post_tag","embeddable":true,"href":"https:\/\/www.afc69.fr\/index.php?rest_route=%2Fwp%2Fv2%2Ftags&post=8370"}],"curies":[{"name":"wp","href":"https:\/\/api.w.org\/{rel}","templated":true}]}}