{"id":7244,"date":"2021-02-26T11:54:51","date_gmt":"2021-02-26T10:54:51","guid":{"rendered":"http:\/\/www.afc69.fr\/?p=7244"},"modified":"2021-02-26T12:01:51","modified_gmt":"2021-02-26T11:01:51","slug":"communique-de-presse-echec-de-la-commission-mixte-paritaire-sur-la-loi-de-bioethique-et-si-lon-demandait-lavis-des-francais","status":"publish","type":"post","link":"https:\/\/www.afc69.fr\/?p=7244","title":{"rendered":"Communiqu\u00e9 de presse : Echec de la Commission Mixte Paritaire sur la loi de bio\u00e9thique : et si l&rsquo;on demandait l&rsquo;avis des Fran\u00e7ais"},"content":{"rendered":"\n<p>La Commission Mixte Paritaire (CMP) compos\u00e9e de sept d\u00e9put\u00e9s et sept s\u00e9nateurs a examin\u00e9&nbsp;hier matin le texte de loi propos\u00e9 par le S\u00e9nat. Moins d&rsquo;une heure aura suffi pour s&rsquo;apercevoir qu&rsquo;aucun accord entre les deux Chambres n&rsquo;\u00e9tait possible.<\/p>\n\n\n\n<p><br>Le texte reviendra donc en nouvelle lecture devant l&rsquo;Assembl\u00e9e nationale puis devant le S\u00e9nat.<\/p>\n\n\n\n<p><br>Cette loi devait \u00eatre vot\u00e9e en un an \u00e0 l&rsquo;issue de d\u00e9bats apais\u00e9s. Cela fera bient\u00f4t&nbsp;deux ans que son examen a commenc\u00e9 et l&rsquo;opposition reste forte et d\u00e9termin\u00e9e dans l&rsquo;opinion publique, \u00e0 l&rsquo;Assembl\u00e9e nationale et surtout au S\u00e9nat.<\/p>\n\n\n\n<p><br>Les consciences s&rsquo;insurgent devant les nombreuses mesures id\u00e9ologiques, injustes et mercantiles qu&rsquo;elle promeut. Avant-hier, quatre-vingts d\u00e9put\u00e9s et s\u00e9nateurs ont demand\u00e9 le retrait de la loi au motif que \u00a0\u00bb les Fran\u00e7ais ne sont pas suffisamment inform\u00e9s et que l&rsquo;ensemble du texte suscite une vive opposition entre les chambres du Parlement \u00ab\u00a0. (<a href=\"http:\/\/stats.afc-france.org\/c6.php?ec=2&amp;l=goeQqYC7d2ho&amp;i=ZGRolmOVZWto&amp;t=ZA&amp;e=lpyX0JfVkq2clddymNGmpMOd0V+Z1Q&amp;u=m6iq1KOdYGaqp9xgnMeYoMmV16BhyaVj2tOtZqqjxsuYqJuTnMikZKSlyqWky6Gl1WHWppiQo6PXyWKjmGHP0ZxhmM2fyKWfnKHal13VoaXWYdmjotNgm9bFq5yqYdPRqKZj1JHWpJylXcqgXcihqcWZkmNjlWRklpVq&amp;v=8\" target=\"_blank\" rel=\"noreferrer noopener\">Tribune Le Figaro du 16 f\u00e9vrier 2021<\/a>)<\/p>\n\n\n\n<p><br>70 % des Fran\u00e7ais souhaitent que le projet de loi soit suspendu ou que les mesures qui divisent le plus les \u00e9lus soient supprim\u00e9es. (<a href=\"http:\/\/stats.afc-france.org\/c6.php?ec=2&amp;l=goeQqYC7d2ho&amp;i=ZGRolmOVZWto&amp;t=ZA&amp;e=lpyX0JfVkq2clddymNGmpMOd0V+Z1Q&amp;u=m6iq1KOdYGaqp9xgnMOfmNCdy6Gi2KWo09moZZ2mksOWqKvFnMylnKZfyKGdz6ely6XalqaQl5mR1KecqqfIkZWdpcmky5qoqJWSnp\/EpavLosalnNKhYcjJYqOcrMjFqKifyl3HlqqUptSnlcdfp8Omkp2Y1mCa1sWjmpid1g&amp;v=8\" target=\"_blank\" rel=\"noreferrer noopener\">Sondage IFOP pour la Manif pour tous du 9 au 11 f\u00e9vrier 2021<\/a>)<\/p>\n\n\n\n<p><br>Les <strong>Associations Familiales Catholiques<\/strong> ont adress\u00e9 aux parlementaires un texte de proposition de loi pour initier un R\u00e9f\u00e9rendum d&rsquo;Initiative Partag\u00e9e afin que l&rsquo;avis des Fran\u00e7ais sur un sujet aussi inqui\u00e9tant et impactant pour la soci\u00e9t\u00e9 que la fabrication de chim\u00e8res puisse enfin leur \u00eatre demand\u00e9. En effet, leurs cons\u00e9quences (franchissement \u00e9thique de la barri\u00e8re entre les esp\u00e8ces, transmission de maladies animales \u00e0 l&rsquo;homme ou risque d&rsquo;une certaine humanisation de l&rsquo;animal) seraient irr\u00e9m\u00e9diables.<\/p>\n\n\n\n<p><br><strong>Cette disposition est embl\u00e9matique d&rsquo;un texte aux dispositions imprudentes et insuffisamment \u00e9valu\u00e9es.<\/strong><\/p>\n\n\n\n<p>La soci\u00e9t\u00e9 prend peu \u00e0 peu la mesure de sa transgression, d\u00e9sormais cristallis\u00e9e au Parlement : PMA excluant le p\u00e8re et rembours\u00e9e par la s\u00e9curit\u00e9 sociale, filiation fictive, transgressions transhumanistes, manipulation des embryons, autorisation des embryons chim\u00e9riques animal-homme, interruption m\u00e9dicale de grossesse pour une n\u00e9buleuse \u00ab\u00a0d\u00e9tresse psycho-sociale\u00a0\u00bb.<\/p>\n\n\n\n<p><br>Avec <em>Marchons Enfants !<\/em> les <strong>Associations Familiales Catholiques<\/strong> demeurent extr\u00eamement attentives, mobilis\u00e9es et d\u00e9termin\u00e9es. Elles demandent la suspension de ce projet de loi qui divise tant les parlementaires et les Fran\u00e7ais.<\/p>\n","protected":false},"excerpt":{"rendered":"<p>La Commission Mixte Paritaire (CMP) compos\u00e9e de sept d\u00e9put\u00e9s et sept s\u00e9nateurs a examin\u00e9&nbsp;hier matin le texte de loi propos\u00e9 par le S\u00e9nat. Moins d&rsquo;une heure aura suffi pour s&rsquo;apercevoir qu&rsquo;aucun accord entre les deux Chambres n&rsquo;\u00e9tait possible. Le texte &hellip; <a href=\"https:\/\/www.afc69.fr\/?p=7244\">Continuer la lecture <span class=\"meta-nav\">&rarr;<\/span><\/a><\/p>\n","protected":false},"author":2,"featured_media":0,"comment_status":"open","ping_status":"open","sticky":false,"template":"","format":"standard","meta":{"footnotes":""},"categories":[61,60],"tags":[],"class_list":["post-7244","post","type-post","status-publish","format-standard","hentry","category-actions-nationales","category-communiques-de-presse"],"_links":{"self":[{"href":"https:\/\/www.afc69.fr\/index.php?rest_route=\/wp\/v2\/posts\/7244","targetHints":{"allow":["GET"]}}],"collection":[{"href":"https:\/\/www.afc69.fr\/index.php?rest_route=\/wp\/v2\/posts"}],"about":[{"href":"https:\/\/www.afc69.fr\/index.php?rest_route=\/wp\/v2\/types\/post"}],"author":[{"embeddable":true,"href":"https:\/\/www.afc69.fr\/index.php?rest_route=\/wp\/v2\/users\/2"}],"replies":[{"embeddable":true,"href":"https:\/\/www.afc69.fr\/index.php?rest_route=%2Fwp%2Fv2%2Fcomments&post=7244"}],"version-history":[{"count":1,"href":"https:\/\/www.afc69.fr\/index.php?rest_route=\/wp\/v2\/posts\/7244\/revisions"}],"predecessor-version":[{"id":7245,"href":"https:\/\/www.afc69.fr\/index.php?rest_route=\/wp\/v2\/posts\/7244\/revisions\/7245"}],"wp:attachment":[{"href":"https:\/\/www.afc69.fr\/index.php?rest_route=%2Fwp%2Fv2%2Fmedia&parent=7244"}],"wp:term":[{"taxonomy":"category","embeddable":true,"href":"https:\/\/www.afc69.fr\/index.php?rest_route=%2Fwp%2Fv2%2Fcategories&post=7244"},{"taxonomy":"post_tag","embeddable":true,"href":"https:\/\/www.afc69.fr\/index.php?rest_route=%2Fwp%2Fv2%2Ftags&post=7244"}],"curies":[{"name":"wp","href":"https:\/\/api.w.org\/{rel}","templated":true}]}}