{"id":6518,"date":"2020-10-09T11:07:03","date_gmt":"2020-10-09T10:07:03","guid":{"rendered":"http:\/\/www.afc69.fr\/?p=6518"},"modified":"2020-10-09T11:07:43","modified_gmt":"2020-10-09T10:07:43","slug":"communique-de-presse-allongement-du-delai-divg-toujours-plus","status":"publish","type":"post","link":"https:\/\/www.afc69.fr\/?p=6518","title":{"rendered":"Communiqu\u00e9 de presse : Allongement du d\u00e9lai d&rsquo;IVG : toujours plus"},"content":{"rendered":"\n<p>Jeudi 8 octobre, les d\u00e9put\u00e9s seront amen\u00e9s \u00e0 voter l&rsquo;allongement du d\u00e9lai l\u00e9gal de recours \u00e0 l&rsquo;avortement de 12 \u00e0 14 semaines. Cette proposition de loi vise \u00e0 permettre aux femmes qui ont d\u00e9pass\u00e9 le d\u00e9lai de 12 semaines d&rsquo;avoir recours \u00e0 l&rsquo;avortement en France. Elle supprimerait aussi la clause de conscience sp\u00e9cifique \u00e0 l&rsquo;IVG des m\u00e9decins afin qu&rsquo;ils ne refusent plus de pratiquer ces avortements qui n\u00e9cessitent des moyens m\u00e9caniques pour extraire un f\u0153tus d\u00e9j\u00e0 bien form\u00e9.<br>\u00a0\u00bb <em>La t\u00eate du f\u0153tus est ossifi\u00e9e et il faut l&rsquo;\u00e9craser. Le geste est donc terrible pour celui qui le fait et la pati<\/em>ente.\u00a0\u00bb (Pr Isra\u00ebl Nisand &#8211;&nbsp;La Croix &#8211;&nbsp;17 septembre 2020).<\/p>\n\n\n\n<figure class=\"wp-block-image\"><img decoding=\"async\" src=\"https:\/\/oxi90.com\/OSZEPXF15\/Photo_foetus_rognee_opt_a68076cd52.jpg\" alt=\"\"\/><\/figure>\n\n\n\n<p>Les chiffres de l&rsquo;avortement en 2019, publi\u00e9s fin septembre, montrent une hausse de 3,4% d&rsquo;une ann\u00e9e \u00e0 l&rsquo;autre des avortements, qui atteignent un niveau jamais atteint depuis 30 ans (Cf Drees &#8211; \u00ab\u00a0Chiffres de l&rsquo;avortement 2019.&nbsp; Hausse confirm\u00e9e en 2019 \u00ab\u00a0), avec des taux de recours pr\u00e8s de 4 fois sup\u00e9rieurs \u00e0 ceux de l&rsquo;Allemagne. Il s&rsquo;agit donc bien d&rsquo;un v\u00e9ritable probl\u00e8me de sant\u00e9 publique.<\/p>\n\n\n\n<p><br>En 2001, le d\u00e9lai pour recourir \u00e0 l&rsquo;avortement \u00e9tait d\u00e9j\u00e0 pass\u00e9 de 10 \u00e0 12 semaines en raison du trop grand nombre de femmes en d\u00e9lais d\u00e9pass\u00e9s qui partaient avorter \u00e0 l&rsquo;\u00e9tranger. En d\u00e9pit de cet allongement, le nombre de femmes est toujours aussi \u00e9lev\u00e9, montrant l&rsquo;inefficacit\u00e9 de cette mesure.<\/p>\n\n\n\n<p><br>Les <strong>Associations Familiales Catholiques<\/strong> rappellent avec force que l&rsquo;avortement n&rsquo;est jamais une bonne solution devant une grossesse impr\u00e9vue et qu&rsquo;une autre politique est possible comme :<\/p>\n\n\n\n<p><br>&#8211; le d\u00e9veloppement de l&rsquo;\u00e9ducation affective et sexuelle des jeunes pour une meilleurs connaissance de leur corps<\/p>\n\n\n\n<p><br>&#8211; l&rsquo;\u00e9tude et la lutte contre les facteurs de risque de recourir \u00e0 l&rsquo;IVG : pauvret\u00e9, d\u00e9scolarisation, recul de l&rsquo;\u00e2ge de la premi\u00e8re grossesse, ant\u00e9c\u00e9dents d&rsquo;IVG, etc.<br>&#8211; le d\u00e9veloppement d&rsquo;aides mat\u00e9rielles et financi\u00e8res pour aider les femmes et les familles<\/p>\n\n\n\n<p><br>&#8211; la valorisation de l&rsquo;accouchement sous le secret.<\/p>\n\n\n\n<p><br>En lib\u00e9ralisant et banalisant encore plus l&rsquo;avortement, les d\u00e9put\u00e9s ne feraient qu&rsquo;aggraver la d\u00e9tresse des femmes au lieu de les aider \u00e0 la surmonter alors m\u00eame que <em>\u00ab\u00a073% des Fran\u00e7ais estiment que la soci\u00e9t\u00e9 devrait davantage aider les femmes \u00e0 \u00e9viter le recours \u00e0 l&rsquo;IVG\u00a0\u00bb<\/em>.&nbsp; (Sondage IFOP pour Alliance Vita du 30 septembre 2020)<\/p>\n\n\n\n<p><br>Les <strong>Associations Familiales Catholiques<\/strong> alertent les d\u00e9put\u00e9s sur l&rsquo;inad\u00e9quation d&rsquo;une telle loi quand les Fran\u00e7ais r\u00e9clament davantage de moyens pour faire face \u00e0 la crise sanitaire et \u00e9conomique qu&rsquo;ils traversent.\u00a0 Elles d\u00e9plorent qu&rsquo;une proposition de loi sur un tel sujet soit examin\u00e9e \u00e0 la sauvette \u00e0 l&rsquo;Assembl\u00e9e Nationale, \u00e0 l&rsquo;instar du dernier examen de la loi de bio\u00e9thique, comme si leurs promoteurs craignaient un vrai d\u00e9bat public.<\/p>\n\n\n\n<p>Voir nos fiches \u00ab\u00a0<a rel=\"noreferrer noopener\" href=\"http:\/\/www.afc-france.org\/oxi\/clics.php?ec=2&amp;l=goeQqYC7d2ho&amp;i=ZGRolWGZaGdl&amp;t=ZA&amp;e=oaOvxZzImKClkdeWcMmfmMugk5Si0A&amp;u=m6iq1KOdYGaiqM5rYJCVps9jtISNqIOMqpVqZoemiKVmWXedpsifq5yf01dikperh2aVkp\/XmKbSxamgrZnWh2VkW6djiHJnWGKVnlWUaYC4e5Ohl8k&amp;v=8\" target=\"_blank\">Pr\u00e9vention et alternatives \u00e0 l&rsquo;IVG<\/a>\u00a0\u00bb et \u00ab\u00a0<a rel=\"noreferrer noopener\" href=\"http:\/\/www.afc-france.org\/oxi\/clics.php?ec=2&amp;l=goeQqYC7d2ho&amp;i=ZGRolWGZaGdl&amp;t=ZA&amp;e=oaOvxZzImKClkdeWcMmfmMugk5Si0A&amp;u=m6iq1KOdYGaiqM5rYJCVps9jtISNqIOMqpVqZn6m0tWmmanXldZWaWOZ0qKih3Vqh3Wep6jIplmWlGJcaWSyh3ZnW6ZpiGNnp6LUp6bHpFyUZMmWWJVjoImWbJigmMiQo5ic&amp;v=8\" target=\"_blank\">Grossesses impr\u00e9vues, o\u00f9 trouver de l&rsquo;aide?<\/a> \u00ab\u00a0<\/p>\n\n\n\n<p>Contact presse :<\/p>\n\n\n\n<p>Claire Avalle<br>01 48 78 81 08<\/p>\n\n\n\n<p>07 66 42 72 33<br><a href=\"mailto:c.avalle@afc-france.org\" target=\"_blank\" rel=\"noreferrer noopener\">c.avalle@afc-france.org<\/a><\/p>\n","protected":false},"excerpt":{"rendered":"<p>Jeudi 8 octobre, les d\u00e9put\u00e9s seront amen\u00e9s \u00e0 voter l&rsquo;allongement du d\u00e9lai l\u00e9gal de recours \u00e0 l&rsquo;avortement de 12 \u00e0 14 semaines. Cette proposition de loi vise \u00e0 permettre aux femmes qui ont d\u00e9pass\u00e9 le d\u00e9lai de 12 semaines d&rsquo;avoir &hellip; <a href=\"https:\/\/www.afc69.fr\/?p=6518\">Continuer la lecture <span class=\"meta-nav\">&rarr;<\/span><\/a><\/p>\n","protected":false},"author":2,"featured_media":0,"comment_status":"open","ping_status":"open","sticky":false,"template":"","format":"standard","meta":{"footnotes":""},"categories":[61,60],"tags":[],"class_list":["post-6518","post","type-post","status-publish","format-standard","hentry","category-actions-nationales","category-communiques-de-presse"],"_links":{"self":[{"href":"https:\/\/www.afc69.fr\/index.php?rest_route=\/wp\/v2\/posts\/6518","targetHints":{"allow":["GET"]}}],"collection":[{"href":"https:\/\/www.afc69.fr\/index.php?rest_route=\/wp\/v2\/posts"}],"about":[{"href":"https:\/\/www.afc69.fr\/index.php?rest_route=\/wp\/v2\/types\/post"}],"author":[{"embeddable":true,"href":"https:\/\/www.afc69.fr\/index.php?rest_route=\/wp\/v2\/users\/2"}],"replies":[{"embeddable":true,"href":"https:\/\/www.afc69.fr\/index.php?rest_route=%2Fwp%2Fv2%2Fcomments&post=6518"}],"version-history":[{"count":1,"href":"https:\/\/www.afc69.fr\/index.php?rest_route=\/wp\/v2\/posts\/6518\/revisions"}],"predecessor-version":[{"id":6519,"href":"https:\/\/www.afc69.fr\/index.php?rest_route=\/wp\/v2\/posts\/6518\/revisions\/6519"}],"wp:attachment":[{"href":"https:\/\/www.afc69.fr\/index.php?rest_route=%2Fwp%2Fv2%2Fmedia&parent=6518"}],"wp:term":[{"taxonomy":"category","embeddable":true,"href":"https:\/\/www.afc69.fr\/index.php?rest_route=%2Fwp%2Fv2%2Fcategories&post=6518"},{"taxonomy":"post_tag","embeddable":true,"href":"https:\/\/www.afc69.fr\/index.php?rest_route=%2Fwp%2Fv2%2Ftags&post=6518"}],"curies":[{"name":"wp","href":"https:\/\/api.w.org\/{rel}","templated":true}]}}