{"id":6488,"date":"2020-10-05T10:21:28","date_gmt":"2020-10-05T09:21:28","guid":{"rendered":"http:\/\/www.afc69.fr\/?p=6488"},"modified":"2020-10-05T10:21:30","modified_gmt":"2020-10-05T09:21:30","slug":"communique-de-presse-afc-3-associations-portent-plainte-contre-le-salon-desir-denfant","status":"publish","type":"post","link":"https:\/\/www.afc69.fr\/?p=6488","title":{"rendered":"Communiqu\u00e9 de presse afc :           3 associations portent plainte contre le Salon D\u00e9sir d&rsquo;enfant"},"content":{"rendered":"\n<p>Vendredi&nbsp;2 octobre 2020, la Conf\u00e9d\u00e9ration Nationale des AFC, l&rsquo;association Les Juristes pour l&rsquo;Enfance et l&rsquo;association La Manif Pour Tous ont port\u00e9 plainte aupr\u00e8s du Procureur de la R\u00e9publique de Paris contre les agissements des organisateurs du Salon <em>D\u00e9sir d&rsquo;enfant,<\/em> qui s&rsquo;est tenu les 5 et 6 septembre 2020, \u00e0 l&rsquo;Espace Champerret \u00e0 Paris, promouvant la GPA.<\/p>\n\n\n\n<p>Les faits ont \u00e9t\u00e9 <strong>constat\u00e9s par un huissier<\/strong>. Les qualifications vis\u00e9es sont :<\/p>\n\n\n\n<p><br><strong>&#8211; Le d\u00e9lit d&rsquo;entremise en vue de la GPA<\/strong>, r\u00e9prim\u00e9 par le Code p\u00e9nal, caract\u00e9ris\u00e9 par les op\u00e9rations n\u00e9cessaires \u00e0 la mise en relation avec une m\u00e8re porteuse, r\u00e9alis\u00e9es sur le sol fran\u00e7ais aupr\u00e8s de ressortissants fran\u00e7ais, par des soci\u00e9t\u00e9s \u00e9trang\u00e8res.<\/p>\n\n\n\n<p><br><strong>&#8211; La r\u00e9duction en esclavage, r\u00e9prim\u00e9e par le Code p\u00e9nal<\/strong>, puisque les soci\u00e9t\u00e9s mettent des femmes \u00e0 la disposition de leurs clients pour subir des traitements en vue de porter un enfant, mener la grossesse et leur remettre l&rsquo;enfant.<\/p>\n\n\n\n<p><br><strong>&#8211; Le d\u00e9lit d&rsquo;entremise pour l&rsquo;obtention d&#8217;embryons humains contre un paiement<\/strong>, r\u00e9prim\u00e9 par le Code de la Sant\u00e9 Publique, puisque la prestation consistant \u00e0 proposer, contre paiement, l&rsquo;implantation dans le corps d&rsquo;une visiteuse du Salon, d&rsquo;un embryon constitu\u00e9 \u00e0 partir de l&rsquo;ovocyte d&rsquo;une donneuse et d&rsquo;un spermatozo\u00efde d&rsquo;un donneur, constitue bien une obtention contre paiement d&#8217;embryon humain.<\/p>\n\n\n\n<p><br><strong>&#8211; Le d\u00e9lit d&rsquo;entremise pour favoriser l&rsquo;obtention de gam\u00e8tes contre un paiement<\/strong>, r\u00e9prim\u00e9 par le Code P\u00e9nal, puisque nombre des entreprises pr\u00e9sentes sur le salon ont propos\u00e9 ouvertement aux visiteurs fran\u00e7ais d&rsquo;acheter des gam\u00e8tes.<\/p>\n\n\n\n<p><br>&#8211; <strong>Le d\u00e9lit de pratique commerciale trompeuse<\/strong>, r\u00e9prim\u00e9 par le Code de la Consommation, car les op\u00e9rations de promotion mises en \u0153uvre sur les stands ou via les \u00a0\u00bb conf\u00e9rences \u00a0\u00bb organis\u00e9es dans le salon D\u00e9sir d&rsquo;enfant ont bien pour objet de pr\u00e9senter la GPA et le commerce des embryons et gam\u00e8tes comme la vente de produits ou la fourniture d&rsquo;un service licite, alors qu&rsquo;ils ne le sont pas.<\/p>\n\n\n\n<p><br><strong>En portant ainsi plainte, les trois associations <\/strong><strong>La Manif Pour Tous, la Conf\u00e9d\u00e9ration Nationale des AFC et&nbsp;l&rsquo;association Les<\/strong><strong>&nbsp;Juristes pour l&rsquo;Enfance attendent une r\u00e9ponse tr\u00e8s ferme de la justice face \u00e0 cette insidieuse promotion de la GPA en France o\u00f9 elle est interdite.<\/strong><\/p>\n\n\n\n<p><br><strong>Elles souhaitent aussi que les autorit\u00e9s fran\u00e7aises s&rsquo;engagent fermement, concr\u00e8tement et explicitement contre le franchissement de cette ligne rouge \u00e9thique, au moment o\u00f9 l&rsquo;extension de la PMA aux couples de femmes et aux femmes seules est d\u00e9battue au Parlement et o\u00f9 les promoteurs des transgressions bio\u00e9thiques ne prennent m\u00eame plus la peine d&rsquo;avancer masqu\u00e9s.<\/strong><\/p>\n\n\n\n<p><strong><span class=\"has-inline-color has-blue-color\">Contacts presse<\/span><\/strong> <strong><span class=\"has-inline-color has-blue-color\">:<\/span><\/strong><\/p>\n\n\n\n<p><span class=\"has-inline-color has-blue-color\"><br><strong>Associations Familiales Catholiques (AFC<\/strong>)<\/span><br>Responsable communication\u00a0: \u00a0Claire Avalle &#8211; 07 66 42 72 33 &#8211; <a rel=\"noreferrer noopener\" href=\"mailto:c.avalle@afc-france.org\" target=\"_blank\">c.avalle@afc-france.org<\/a><br><span class=\"has-inline-color has-blue-color\"><br><strong>Juristes pour l&rsquo;enfance<\/strong><\/span><br>Porte parole : Aude Mirkovic &#8211; 06 62 20 61 16 &#8211; <a rel=\"noreferrer noopener\" href=\"mailto:audemikovic@yahoo.fr\" target=\"_blank\">audemikovic@yahoo.fr<\/a><\/p>\n\n\n\n<p><strong><br><span class=\"has-inline-color has-blue-color\">La Manif Pour Tous<\/span><\/strong><br>Responsable presse : Elisabeth &#8211; 06 95 64 27 21 &#8211; <a rel=\"noreferrer noopener\" href=\"mailto:presse@lamanifpourtous.fr\" target=\"_blank\">presse@lamanifpourtous.fr<\/a><\/p>\n","protected":false},"excerpt":{"rendered":"<p>Vendredi&nbsp;2 octobre 2020, la Conf\u00e9d\u00e9ration Nationale des AFC, l&rsquo;association Les Juristes pour l&rsquo;Enfance et l&rsquo;association La Manif Pour Tous ont port\u00e9 plainte aupr\u00e8s du Procureur de la R\u00e9publique de Paris contre les agissements des organisateurs du Salon D\u00e9sir d&rsquo;enfant, qui &hellip; <a href=\"https:\/\/www.afc69.fr\/?p=6488\">Continuer la lecture <span class=\"meta-nav\">&rarr;<\/span><\/a><\/p>\n","protected":false},"author":2,"featured_media":0,"comment_status":"open","ping_status":"open","sticky":false,"template":"","format":"standard","meta":{"footnotes":""},"categories":[61,60],"tags":[],"class_list":["post-6488","post","type-post","status-publish","format-standard","hentry","category-actions-nationales","category-communiques-de-presse"],"_links":{"self":[{"href":"https:\/\/www.afc69.fr\/index.php?rest_route=\/wp\/v2\/posts\/6488","targetHints":{"allow":["GET"]}}],"collection":[{"href":"https:\/\/www.afc69.fr\/index.php?rest_route=\/wp\/v2\/posts"}],"about":[{"href":"https:\/\/www.afc69.fr\/index.php?rest_route=\/wp\/v2\/types\/post"}],"author":[{"embeddable":true,"href":"https:\/\/www.afc69.fr\/index.php?rest_route=\/wp\/v2\/users\/2"}],"replies":[{"embeddable":true,"href":"https:\/\/www.afc69.fr\/index.php?rest_route=%2Fwp%2Fv2%2Fcomments&post=6488"}],"version-history":[{"count":2,"href":"https:\/\/www.afc69.fr\/index.php?rest_route=\/wp\/v2\/posts\/6488\/revisions"}],"predecessor-version":[{"id":6490,"href":"https:\/\/www.afc69.fr\/index.php?rest_route=\/wp\/v2\/posts\/6488\/revisions\/6490"}],"wp:attachment":[{"href":"https:\/\/www.afc69.fr\/index.php?rest_route=%2Fwp%2Fv2%2Fmedia&parent=6488"}],"wp:term":[{"taxonomy":"category","embeddable":true,"href":"https:\/\/www.afc69.fr\/index.php?rest_route=%2Fwp%2Fv2%2Fcategories&post=6488"},{"taxonomy":"post_tag","embeddable":true,"href":"https:\/\/www.afc69.fr\/index.php?rest_route=%2Fwp%2Fv2%2Ftags&post=6488"}],"curies":[{"name":"wp","href":"https:\/\/api.w.org\/{rel}","templated":true}]}}