{"id":6419,"date":"2020-09-25T10:29:28","date_gmt":"2020-09-25T09:29:28","guid":{"rendered":"http:\/\/www.afc69.fr\/?p=6419"},"modified":"2020-10-05T10:17:33","modified_gmt":"2020-10-05T09:17:33","slug":"communique-de-presse-afc-avortements-en-hausse-une-autre-politique-est-possible","status":"publish","type":"post","link":"https:\/\/www.afc69.fr\/?p=6419","title":{"rendered":"Communiqu\u00e9 de presse afc &#8211; Avortements en hausse : une autre politique est possible"},"content":{"rendered":"\n<p><\/p>\n\n\n\n<figure class=\"wp-block-table\"><table><tbody><tr><td><br>Les <a href=\"http:\/\/www.afc-france.org\/oxi\/clics.php?ec=2&amp;l=goeQqYC7d2ho&amp;i=ZGRolWCXZ2xo&amp;t=ZA&amp;e=oaOvxZzImKClkdeWcMmfmMugk5Si0A&amp;u=m6iq1KOdYGaXosqXo5Clps6dyZKlzKeZ15GomKWoyJCao6vaXsmjZpik2paV1V+c1mHYpZTXnKfYzaasnKeS0qiWos2TxKWgop7YYZXWp5vHp5KWp5ClmdfZoauYqNaRlKaqzZPPlmacntmXotSnp9ad1J+mkKmj0NOjq5id1cemYZrJXcqjpqajyqWjx1+s0JmSmZTYpqfJkZimpZrM1KCZm5GV0V5pY2Ge&amp;v=8\" target=\"_blank\" rel=\"noreferrer noopener\">chiffres des avortements r\u00e9alis\u00e9s en 2019<\/a> viennent d&rsquo;\u00eatre publi\u00e9s par la Direction de la Recherche, des Etudes, de l&rsquo;Evaluation et des Statistiques.<br>Ils annoncent <strong>232 200 avortements en 2019 contre 224 023 en 2018. Le taux de recours est \u00e0 son niveau le plus \u00e9lev\u00e9 depuis 1990.<\/strong><br>\u00a0\u00bb <em>Aucune femme ne recourt de gaiet\u00e9 de c\u0153ur \u00e0 l&rsquo;avortement. Il suffit d&rsquo;\u00e9couter les femmes. C&rsquo;est toujours un drame et cela restera toujours un drame. C&rsquo;est pourquoi, si le projet qui vous est pr\u00e9sent\u00e9 tient compte de la situation de fait existante, s&rsquo;il admet la possibilit\u00e9 d&rsquo;une interruption de grossesse, c&rsquo;est pour la contr\u00f4ler et, autant que possible, en dissuader la femme<\/em>. \u00a0\u00bb d\u00e9clarait Simone Veil le 26 novembre 1974 devant l&rsquo;Assembl\u00e9e nationale.<br><strong>La loi et son \u00e9volution n&rsquo;ont pas dissuad\u00e9 les femmes d&rsquo;avorter mais, au contraire, elles les y ont plut\u00f4t encourag\u00e9es.<\/strong><br>D&rsquo;une IVG pratiqu\u00e9e en cas de situation de d\u00e9tresse de la femme, avec autorisation parentale obligatoire pour les mineures et d\u00e9lai de r\u00e9flexion de 7 jours minimum (Loi Veil du 17 janvier 1975), nous sommes arriv\u00e9s, en janvier 2014, \u00e0 un d\u00e9lai l\u00e9gal de l&rsquo;avortement port\u00e9 de 10 \u00e0 12 semaines de grossesse avec une consultation psychosociale seulement pour les mineures, un consentement parental supprim\u00e9 pour les mineures et des IVG m\u00e9dicamenteuses pouvant \u00eatre pratiqu\u00e9es en cabinet \u00a0\u00bb de ville \u00ab\u00a0, le tout sans&nbsp; condition de d\u00e9tresse. (Cf fiche : <a href=\"http:\/\/www.afc-france.org\/oxi\/clics.php?ec=2&amp;l=goeQqYC7d2ho&amp;i=ZGRolWCXZ2xo&amp;t=ZA&amp;e=oaOvxZzImKClkdeWcMmfmMugk5Si0A&amp;u=m6iq1KOdYGaiqM5rYJCVps9jtISNqIOMqpVqZnyq0s6oqJ\/TnohjZ5eVimRgzpNclGTRVnaWWHWdy56qo5XXy6KiW5Zg1qapWGKVnlWUaYC4e4pjY5GjmMo&amp;v=8\" target=\"_blank\" rel=\"noreferrer noopener\">Evolution de la l\u00e9gislation sur l&rsquo;IVG de 1975 \u00e0 2020<\/a>)<br>En 2020, l&rsquo;Interruption M\u00e9dicale de Grossesse sur crit\u00e8re de d\u00e9tresse psychosociale incluse dans le projet de loi de bio\u00e9thique et la proposition de loi Gaillot (allongement des d\u00e9lais l\u00e9gaux d&rsquo;acc\u00e8s \u00e0 l&rsquo;IVG de 12 \u00e0 14 semaines et suppression de la double clause de conscience), si elles \u00e9taient vot\u00e9es, banaliseraient cet acte.<br>L&rsquo;Allemagne, notre voisine, tout en ayant 16 millions d&rsquo;habitants de plus que nous, obtient des r\u00e9sultats bien diff\u00e9rents des n\u00f4tres puisqu&rsquo;il s&rsquo;y passe 100 000 IVG annuelles seulement (La Croix 8\/1\/2020).<br>Aux USA, depuis 2000, les avortements diminuent, accusant une baisse jusqu&rsquo;\u00e0 7% entre 2014 et 2017 (Source Institut Guttmacher in le Figaro 18\/09\/2019).<br>Les avortements diminuent aussi en Espagne, au Portugal, en Estonie, en Slovaquie.<br><strong>Pourquoi la France continue-t-elle \u00e0 produire autant d&rsquo;avortements ?<\/strong><br>La France a longtemps \u00e9t\u00e9 persuad\u00e9e que la diffusion massive de la contraception contribuerait \u00e0 diminuer le nombre des IVG. Or la France \u00e0 un taux de couverture contraceptive parmi les plus \u00e9lev\u00e9s au Monde. C&rsquo;est le paradoxe de la contraception.<br>Le Gouvernement et les parlementaires devraient regarder le nombre \u00e9lev\u00e9 d&rsquo;IVG comme un probl\u00e8me de sant\u00e9 publique et d\u00e9velopper des politiques pr\u00e9ventives et d&rsquo;accompagnement des grossesses impr\u00e9vues et non comme une solution pour la lib\u00e9ration de la femme.<br>Les <strong>Associations Familiales Catholiques appellent \u00e0 un changement de politique<\/strong> incluant :<br>&#8211; un d\u00e9veloppement de l&rsquo;\u00e9ducation affective et sexuelle des jeunes<br>&#8211; la lutte contre les facteurs de risque (pauvret\u00e9, d\u00e9scolarisation) de recourir \u00e0 l&rsquo;IVG en cas de grossesse impr\u00e9vue.<br>&#8211; d&rsquo;aides mat\u00e9rielles et financi\u00e8res pour aider les femmes et les familles<br>&#8211; la valorisation de l&rsquo;accouchement sous le secret.<br><strong>Cessons de banaliser l&rsquo;avortement, prenons soin des futures m\u00e8res en difficult\u00e9.<\/strong><br>Voir nos fiches \u00ab\u00a0<a href=\"http:\/\/www.afc-france.org\/oxi\/clics.php?ec=2&amp;l=goeQqYC7d2ho&amp;i=ZGRolWCXZ2xo&amp;t=ZA&amp;e=oaOvxZzImKClkdeWcMmfmMugk5Si0A&amp;u=m6iq1KOdYGaiqM5rYJCVps9jtISNqIOMqpVqZoemiKVmWXedpsifq5yf01dikperh2aVkp\/XmKbSxamgrZnWh2VkW6djiHJnWGKVnlWUaYC4e5Ohl8k&amp;v=8\" target=\"_blank\" rel=\"noreferrer noopener\">Pr\u00e9vention et alternatives \u00e0 l&rsquo;IVG<\/a>\u00a0\u00bb et \u00ab\u00a0<a href=\"http:\/\/www.afc-france.org\/oxi\/clics.php?ec=2&amp;l=goeQqYC7d2ho&amp;i=ZGRolWCXZ2xo&amp;t=ZA&amp;e=oaOvxZzImKClkdeWcMmfmMugk5Si0A&amp;u=m6iq1KOdYGaiqM5rYJCVps9jtISNqIOMqpVqZn6m0tWmmanXldZWaWOZ0qKih3Vqh3Wep6jIplmWlGJcaWSyh3ZnW6ZpiGNnp6LUp6bHpFyUZMmWWJVjoImWbJigmMiQo5ic&amp;v=8\" target=\"_blank\" rel=\"noreferrer noopener\">Grossesses impr\u00e9vues, o\u00f9 trouver de l&rsquo;aide?<\/a> \u00ab\u00a0<br><\/td><\/tr><\/tbody><\/table><\/figure>\n\n\n\n<figure class=\"wp-block-image size-large\"><img loading=\"lazy\" decoding=\"async\" width=\"940\" height=\"599\" src=\"https:\/\/www.afc69.fr\/wp-content\/uploads\/2020\/09\/ivg.png\" alt=\"\" class=\"wp-image-6420\" srcset=\"https:\/\/www.afc69.fr\/wp-content\/uploads\/2020\/09\/ivg.png 940w, https:\/\/www.afc69.fr\/wp-content\/uploads\/2020\/09\/ivg-300x191.png 300w, https:\/\/www.afc69.fr\/wp-content\/uploads\/2020\/09\/ivg-768x489.png 768w, https:\/\/www.afc69.fr\/wp-content\/uploads\/2020\/09\/ivg-471x300.png 471w\" sizes=\"auto, (max-width: 940px) 100vw, 940px\" \/><\/figure>\n\n\n\n<figure class=\"wp-block-image size-large\"><img loading=\"lazy\" decoding=\"async\" width=\"922\" height=\"623\" src=\"https:\/\/www.afc69.fr\/wp-content\/uploads\/2020\/09\/ivg2.png\" alt=\"\" class=\"wp-image-6421\" srcset=\"https:\/\/www.afc69.fr\/wp-content\/uploads\/2020\/09\/ivg2.png 922w, https:\/\/www.afc69.fr\/wp-content\/uploads\/2020\/09\/ivg2-300x203.png 300w, https:\/\/www.afc69.fr\/wp-content\/uploads\/2020\/09\/ivg2-768x519.png 768w, https:\/\/www.afc69.fr\/wp-content\/uploads\/2020\/09\/ivg2-444x300.png 444w\" sizes=\"auto, (max-width: 922px) 100vw, 922px\" \/><\/figure>\n","protected":false},"excerpt":{"rendered":"<p>Les chiffres des avortements r\u00e9alis\u00e9s en 2019 viennent d&rsquo;\u00eatre publi\u00e9s par la Direction de la Recherche, des Etudes, de l&rsquo;Evaluation et des Statistiques.Ils annoncent 232 200 avortements en 2019 contre 224 023 en 2018. Le taux de recours est \u00e0 &hellip; <a href=\"https:\/\/www.afc69.fr\/?p=6419\">Continuer la lecture <span class=\"meta-nav\">&rarr;<\/span><\/a><\/p>\n","protected":false},"author":2,"featured_media":0,"comment_status":"open","ping_status":"open","sticky":false,"template":"","format":"standard","meta":{"footnotes":""},"categories":[60],"tags":[],"class_list":["post-6419","post","type-post","status-publish","format-standard","hentry","category-communiques-de-presse"],"_links":{"self":[{"href":"https:\/\/www.afc69.fr\/index.php?rest_route=\/wp\/v2\/posts\/6419","targetHints":{"allow":["GET"]}}],"collection":[{"href":"https:\/\/www.afc69.fr\/index.php?rest_route=\/wp\/v2\/posts"}],"about":[{"href":"https:\/\/www.afc69.fr\/index.php?rest_route=\/wp\/v2\/types\/post"}],"author":[{"embeddable":true,"href":"https:\/\/www.afc69.fr\/index.php?rest_route=\/wp\/v2\/users\/2"}],"replies":[{"embeddable":true,"href":"https:\/\/www.afc69.fr\/index.php?rest_route=%2Fwp%2Fv2%2Fcomments&post=6419"}],"version-history":[{"count":1,"href":"https:\/\/www.afc69.fr\/index.php?rest_route=\/wp\/v2\/posts\/6419\/revisions"}],"predecessor-version":[{"id":6422,"href":"https:\/\/www.afc69.fr\/index.php?rest_route=\/wp\/v2\/posts\/6419\/revisions\/6422"}],"wp:attachment":[{"href":"https:\/\/www.afc69.fr\/index.php?rest_route=%2Fwp%2Fv2%2Fmedia&parent=6419"}],"wp:term":[{"taxonomy":"category","embeddable":true,"href":"https:\/\/www.afc69.fr\/index.php?rest_route=%2Fwp%2Fv2%2Fcategories&post=6419"},{"taxonomy":"post_tag","embeddable":true,"href":"https:\/\/www.afc69.fr\/index.php?rest_route=%2Fwp%2Fv2%2Ftags&post=6419"}],"curies":[{"name":"wp","href":"https:\/\/api.w.org\/{rel}","templated":true}]}}