{"id":6070,"date":"2020-05-05T20:51:09","date_gmt":"2020-05-05T19:51:09","guid":{"rendered":"http:\/\/www.afc69.fr\/?p=6070"},"modified":"2020-05-08T17:23:33","modified_gmt":"2020-05-08T16:23:33","slug":"la-liberte-de-culte-serait-elle-moins-importante-que-la-liberte-de-consommer","status":"publish","type":"post","link":"https:\/\/www.afc69.fr\/?p=6070","title":{"rendered":"La libert\u00e9 de culte serait-elle moins importante que la libert\u00e9 de consommer?"},"content":{"rendered":"\n<p><a href=\"http:\/\/www.lefigaro.fr\/vox\/societe\/la-liberte-de-culte-serait-elle-moins-importante-que-la-liberte-de-consommer-20200501\" target=\"_blank\" rel=\"noreferrer noopener\">http:\/\/www.lefigaro.fr\/vox\/societe\/la-liberte-de-culte-serait-elle-moins-importante-que-la-liberte-de-consommer-20200501<\/a><\/p>\n\n\n\n<p>La libert\u00e9 de culte est une libert\u00e9 fondamentale et le gouvernement l\u2019oublie, s\u2019inqui\u00e8tent 67 parlementaires dans une tribune au Figaro.<br>Pour des raisons sanitaires, nous sommes rentr\u00e9s dans une p\u00e9riode de restriction consid\u00e9rable des libert\u00e9s, libert\u00e9s de se d\u00e9placer, de travailler, de faire vivre les associations, de rencontrer nos parents, nos amis ; libert\u00e9 de culte pour toutes les religions, chr\u00e9tiennes ou non. Cette restriction de libert\u00e9 est jusqu\u2019ici consentie par une tr\u00e8s grande majorit\u00e9 de nos concitoyens, conscients de la n\u00e9cessit\u00e9 de ma\u00eetriser l\u2019\u00e9pid\u00e9mie, mais \u00e9galement conscients que cette perte des libert\u00e9s fondamentales est temporaire.<br>Le pr\u00e9sident de la R\u00e9publique nous a annonc\u00e9 le d\u00e9confinement \u00e0 partir du 11 mai, c\u2019est-\u00e0-dire la reconqu\u00eate progressive des libert\u00e9s dont la perte avait \u00e9t\u00e9 provisoirement consentie.<br>L\u2019exercice n\u2019est pas simple. Il est fait de r\u00e8gles venues d\u2019en haut et de confiance dans le sens des responsabilit\u00e9s de nos compatriotes.<br>Le gouvernement a fait le choix d\u2019un d\u00e9confinement progressif. Il \u00e9dicte\u00a0un ordre des priorit\u00e9s qui devient tr\u00e8s vite un ordre d\u2019importance.<br>C\u2019est l\u00e0 que les citoyens fran\u00e7ais, pratiquant une religion dans un lieu de culte, ne comprennent plus cet ordre d\u2019importance.<br>Ils constatent d\u2019abord l\u2019ignorance de nos dirigeants quant aux pratiques religieuses, et la paresse de certains d\u2019entre eux quand il s\u2019agit de faire l\u2019effort de mieux conna\u00eetre et comprendre les religions. Lorsque le premier ministre dit, \u00e0 la tribune de l\u2019Assembl\u00e9e nationale, que les lieux de culte resteront ouverts, mais que les \u00abc\u00e9r\u00e9monies\u00bb ne pourront pas y \u00eatre c\u00e9l\u00e9br\u00e9es, il fait fausse route. Les c\u00e9r\u00e9monies ne sont pas interdites, mais seuls les rassemblements le sont. C\u2019est avec ce type d\u2019approximation que la police nationale est entr\u00e9e arm\u00e9e dans l\u2019\u00e9glise Saint-Andr\u00e9 de l\u2019Europe \u00e0 Paris (8e ), alors que le cur\u00e9 c\u00e9l\u00e9brait une messe sans qu\u2019il y ait rassemblement. Jamais nos dirigeants n\u2019ont sembl\u00e9 aussi ignorants de la r\u00e9alit\u00e9 religieuse de nos concitoyens.<br>Les citoyens fran\u00e7ais pratiquant une religion constatent que nos dirigeants consid\u00e8rent cette pratique comme accessoire dans leurs vies, alors qu\u2019elle est pour la plupart d\u2019entre eux essentielle au sens \u00e9tymologique\u00a0du terme. Ces dirigeants, faute peut-\u00eatre d\u2019exercer cette vie spirituelle, n\u2019imaginent pas que celle-ci puisse \u00eatre indispensable \u00e0 nos concitoyens qui pratiquent une religion. Ils imaginent que l\u2019on peut se passer de pratique religieuse comme on peut se passer d\u2019un loisir superflu. Leur ignorance les am\u00e8ne \u00e0 prendre des mesures blessantes pour les Fran\u00e7ais qui pratiquent une religion, ou qui jugent indispensable de se retrouver dans un lieu de culte \u00e0 l\u2019occasion d\u2019obs\u00e8ques. Que devient une civilisation\u00a0qui n\u2019honore plus ses morts?<br>Les citoyens fran\u00e7ais pratiquant une religion ont fait la preuve d\u2019une tr\u00e8s grande sagesse, voire d\u2019une tr\u00e8s grande \u00abr\u00e9silience\u00bb depuis le d\u00e9but de la pand\u00e9mie. Ils se sont pour beaucoup, parmi d\u2019autres, investis avec force dans des actions de solidarit\u00e9. Ils ne sont pas moins responsables que d\u2019autres lorsqu\u2019il s\u2019agit d\u2019organiser le culte en respectant les r\u00e8gles li\u00e9es \u00e0 la pand\u00e9mie et ne comprennent pas que leurs propositions d\u2019organisation soit balay\u00e9es d\u2019un revers de main.<br>La taille des lieux de culte permet de prendre les dispositions pour \u00e9loigner les chaises, r\u00e9partir les fid\u00e8les pour satisfaire aux exigences sanitaires. Ceux-ci ne sont pas moins que les autres Fran\u00e7ais, dignes de confiance. L\u2019interdiction de rassemblements dans les lieux de culte avant le 2 juin prochain, c\u2019est-\u00e0-dire, notamment, apr\u00e8s les grandes f\u00eates chr\u00e9tiennes de l\u2019Ascension et de la Pentec\u00f4te, est souvent v\u00e9cue comme une humiliation et une atteinte in\u00e9dite \u00e0 la libert\u00e9 de culte.<br>Non, les citoyens fran\u00e7ais qui pratiquent une religion ne sont pas des citoyens de seconde zone, qui vaudraient moins que des consommateurs autoris\u00e9s \u00e0 fr\u00e9quenter leur boutique pr\u00e9f\u00e9r\u00e9e.<br>Les pr\u00e9fets pourraient r\u00e9unir les repr\u00e9sentants d\u00e9partementaux des cultes pour \u00e9tudier localement les conditions d\u2019un recommencement des c\u00e9l\u00e9brations du culte \u00e0 partir du 11 mai. Les diff\u00e9rents cultes sont capables de respecter les m\u00eames mesures sanitaires que les autres lieux publics actuellement ouverts. Il est donc incompr\u00e9hensible que d\u00e8s lors que les mesures sanitaires de base sont respect\u00e9es dans les lieux de culte, les rassemblements en vue des c\u00e9r\u00e9monies ne soient pas autoris\u00e9s.<br>C\u2019est avec gravit\u00e9 que nous interpellons le gouvernement afin qu\u2019il revienne sur cette d\u00e9cision et examine avec plus de \u00abbienveillance\u00bb et d\u2019attention la demande des grandes religions de France qui souhaitent pouvoir exercer le culte en toute libert\u00e9. Nous attirons leur attention sur les cons\u00e9quences graves que pourrait avoir une atteinte sans pr\u00e9c\u00e9dent \u00e0 l\u2019une des libert\u00e9s fondamentales des citoyens fran\u00e7ais: la libert\u00e9 de culte.<\/p>\n\n\n\n<p><br>Marc Le Fur, Vice-pr\u00e9sident de l\u2019Assembl\u00e9e nationale, D\u00e9put\u00e9 des C\u00f4tes d\u2019Armor\u00a0<br>Damien Abad, D\u00e9put\u00e9 de l\u2019Ain, Pr\u00e9sident du Groupe Les R\u00e9publicains \u00e0 l\u2019Assembl\u00e9e Nationale\u00a0<br>Bruno Retailleau, S\u00e9nateur de la Vend\u00e9e, Pr\u00e9sident du Groupe Les R\u00e9publicains au S\u00e9nat\u00a0<br>Fran\u00e7ois-Xavier Bellamy, D\u00e9put\u00e9 au Parlement europ\u00e9en, pr\u00e9sident de la d\u00e9l\u00e9gation fran\u00e7aise au sein du groupe PPE\u00a0<br>Emmanuelle Anthoine, D\u00e9put\u00e9e de la Dr\u00f4me\u00a0<br>Julien Aubert, D\u00e9put\u00e9 du Vaucluse\u00a0<br>Serge Babary, S\u00e9nateur d\u2019Indre-et-Loire\u00a0<br>Philippe Bas, S\u00e9nateur de la Manche\u00a0<br>J\u00e9r\u00f4me Bascher, S\u00e9nateur de l\u2019Oise\u00a0<br>Thibault Bazin, D\u00e9put\u00e9 de Meurthe-et-Moselle\u00a0<br>Val\u00e9rie Beauvais, D\u00e9put\u00e9e de la Marne\u00a0<br>Jean Bizet, S\u00e9nateur de la Manche\u00a0<br>C\u00e9line Boulay-Esp\u00e9ronnier, S\u00e9natrice de Paris\u00a0<br>Bernard Bonne S\u00e9nateur de la Loire\u00a0<br>Jean-Claude Bouchet, D\u00e9put\u00e9 du Vaucluse\u00a0<br>Xavier Breton, D\u00e9put\u00e9 de l\u2019Ain\u00a0<br>Bernard Brochand, D\u00e9put\u00e9 des Alpes-Maritimes\u00a0<br>Anne Chain-Larch\u00e9, S\u00e9natrice de Seine-et-Marne\u00a0<br>Marie-Christine Chauvin, S\u00e9natrice du Jura\u00a0<br>Guillaume Chevrollier, S\u00e9nateur de la Mayenne\u00a0<br>Martha de Cidrac, S\u00e9natrice des Yvelines\u00a0<br>Pierre Cordier, D\u00e9put\u00e9 des Ardennes\u00a0<br>Pierre Cuypers, S\u00e9nateur de Seine-et-Marne\u00a0<br>Laure Darcos, S\u00e9natrice de l\u2019Essonne\u00a0<br>Marc-Philippe Daubresse, S\u00e9nateur du Nord\u00a0<br>Jacky Derom\u00e9di, S\u00e9natrice des Fran\u00e7ais de l\u2019Etranger\u00a0<br>Dominique de Legge, S\u00e9nateur d\u2019Ille-et-Vilaine\u00a0<br>Louis-Jean de Nicolay, S\u00e9nateur de la Sarthe\u00a0<br>Catherine Di Folco, S\u00e9natrice du Rh\u00f4ne\u00a0<br>Julien Dive, D\u00e9put\u00e9 de l\u2019Aisne\u00a0<br>Pierre-Henri Dumont, D\u00e9put\u00e9 du Pas-de-Calais\u00a0<br>Dominique Estrosi-Sassone, S\u00e9natrice des Alpes-Maritime\u00a0<br>Daniel Fasquelle, D\u00e9put\u00e9 du Pas-de-Calais\u00a0<br>Jo\u00eblle Garriaud-Maylam, S\u00e9natrice des Fran\u00e7ais de l\u2019Etranger\u00a0<br>Annie Genevard, D\u00e9put\u00e9e du Doubs\u00a0<br>Philippe Gosselin, D\u00e9put\u00e9 de la Manche\u00a0<br>Pascale Gruny, S\u00e9natrice de l\u2019Aisne\u00a0<br>Patrick Hetzel, D\u00e9put\u00e9 du Bas-Rhin\u00a0<br>Brigitte Kuster, D\u00e9put\u00e9e de Paris\u00a0<br>Antoine Lef\u00e8vre, S\u00e9nateur de l\u2019Aisne\u00a0<br>Constance Le Grip, D\u00e9put\u00e9e des Hauts-de-Seine\u00a0<br>Olivier Marleix, D\u00e9put\u00e9 d\u2019Eure-et-Loir\u00a0<br>Jean-Louis Masson, D\u00e9put\u00e9 du Var\u00a0<br>G\u00e9rard Menuel, D\u00e9put\u00e9 de l\u2019Aube\u00a0<br>S\u00e9bastien Meurant, S\u00e9nateur du Val d\u2019Oise\u00a0<br>Brigitte Micouleau, S\u00e9natrice de la Haute-Garonne\u00a0<br>Jean-Marie Morisset, S\u00e9nateur des Deux-S\u00e8vres\u00a0<br>Philippe Mouiller, S\u00e9nateur des Deux-S\u00e8vres\u00a0<br>J\u00e9r\u00f4me Nury, D\u00e9put\u00e9 de l\u2019Orne\u00a0<br>Jean-Fran\u00e7ois Parigi, D\u00e9put\u00e9 de Seine-et-Marne\u00a0<br>Bernard Perrut, D\u00e9put\u00e9 du Rh\u00f4ne\u00a0<br>Didier Quentin, D\u00e9put\u00e9 de la Charente-Maritime\u00a0<br>Damien Regnard, S\u00e9nateur des Fran\u00e7ais de l\u2019Etranger\u00a0<br>Fr\u00e9d\u00e9ric Reiss, D\u00e9put\u00e9 du Bas-Rhin\u00a0<br>Jean-Marie Sermier, D\u00e9put\u00e9 du Jura\u00a0<br>Bruno Sido, S\u00e9nateur de la Haute-Marne\u00a0<br>Eric Straumann, D\u00e9put\u00e9 du Haut-Rhin\u00a0<br>Guy Teissier, D\u00e9put\u00e9 des Bouches-du-Rh\u00f4ne\u00a0<br>Jean-Louis Thi\u00e9riot, D\u00e9put\u00e9 de Seine-et-Marne\u00a0<br>Claudine Thomas, S\u00e9natrice de Seine-et-Marne\u00a0<br>Laurence Trastour-Isnart, D\u00e9put\u00e9 des Alpes-Maritime\u00a0<br>Michel Vaspart, S\u00e9nateur des C\u00f4tes d\u2019Armor\u00a0<br>Pierre Vatin, D\u00e9put\u00e9 de l\u2019Oise\u00a0<br>Patrice Verch\u00e8re, D\u00e9put\u00e9 du Rh\u00f4ne\u00a0<br>Jean-Pierre Vial, S\u00e9nateur de la Savoie\u00a0<br>St\u00e9phane Viry, D\u00e9put\u00e9 des Vosges\u00a0<br>Eric Woerth, D\u00e9put\u00e9 de l\u2019Oise\u00a0<br><br><\/p>\n","protected":false},"excerpt":{"rendered":"<p>http:\/\/www.lefigaro.fr\/vox\/societe\/la-liberte-de-culte-serait-elle-moins-importante-que-la-liberte-de-consommer-20200501 La libert\u00e9 de culte est une libert\u00e9 fondamentale et le gouvernement l\u2019oublie, s\u2019inqui\u00e8tent 67 parlementaires dans une tribune au Figaro.Pour des raisons sanitaires, nous sommes rentr\u00e9s dans une p\u00e9riode de restriction consid\u00e9rable des libert\u00e9s, libert\u00e9s de se d\u00e9placer, de &hellip; <a href=\"https:\/\/www.afc69.fr\/?p=6070\">Continuer la lecture <span class=\"meta-nav\">&rarr;<\/span><\/a><\/p>\n","protected":false},"author":2,"featured_media":0,"comment_status":"open","ping_status":"open","sticky":false,"template":"","format":"standard","meta":{"footnotes":""},"categories":[61],"tags":[],"class_list":["post-6070","post","type-post","status-publish","format-standard","hentry","category-actions-nationales"],"_links":{"self":[{"href":"https:\/\/www.afc69.fr\/index.php?rest_route=\/wp\/v2\/posts\/6070","targetHints":{"allow":["GET"]}}],"collection":[{"href":"https:\/\/www.afc69.fr\/index.php?rest_route=\/wp\/v2\/posts"}],"about":[{"href":"https:\/\/www.afc69.fr\/index.php?rest_route=\/wp\/v2\/types\/post"}],"author":[{"embeddable":true,"href":"https:\/\/www.afc69.fr\/index.php?rest_route=\/wp\/v2\/users\/2"}],"replies":[{"embeddable":true,"href":"https:\/\/www.afc69.fr\/index.php?rest_route=%2Fwp%2Fv2%2Fcomments&post=6070"}],"version-history":[{"count":2,"href":"https:\/\/www.afc69.fr\/index.php?rest_route=\/wp\/v2\/posts\/6070\/revisions"}],"predecessor-version":[{"id":6081,"href":"https:\/\/www.afc69.fr\/index.php?rest_route=\/wp\/v2\/posts\/6070\/revisions\/6081"}],"wp:attachment":[{"href":"https:\/\/www.afc69.fr\/index.php?rest_route=%2Fwp%2Fv2%2Fmedia&parent=6070"}],"wp:term":[{"taxonomy":"category","embeddable":true,"href":"https:\/\/www.afc69.fr\/index.php?rest_route=%2Fwp%2Fv2%2Fcategories&post=6070"},{"taxonomy":"post_tag","embeddable":true,"href":"https:\/\/www.afc69.fr\/index.php?rest_route=%2Fwp%2Fv2%2Ftags&post=6070"}],"curies":[{"name":"wp","href":"https:\/\/api.w.org\/{rel}","templated":true}]}}