{"id":4768,"date":"2019-10-03T14:00:12","date_gmt":"2019-10-03T13:00:12","guid":{"rendered":"http:\/\/www.afc69.fr\/?p=4768"},"modified":"2019-11-07T14:54:05","modified_gmt":"2019-11-07T13:54:05","slug":"communique-de-presse-afc-pma-les-francais-refusent-les-derives-ethiques-que-le-gouvernement-veut-imposer-a-tout-prix","status":"publish","type":"post","link":"https:\/\/www.afc69.fr\/?p=4768","title":{"rendered":"Communiqu\u00e9 de presse AFC &#8211; PMA : les Fran\u00e7ais refusent les d\u00e9rives \u00e9thiques que le gouvernement veut imposer \u00e0 tout prix. 02\/10\/19"},"content":{"rendered":"\n<p>Un  sondage IFOP,<\/p>\n\n\n\n<p><a href=\"https:\/\/oxi90.com\/OSZEPXF15\/AFC-IFOP-SONDAGE-RESULTATS-20191002.pdf\">https:\/\/oxi90.com\/OSZEPXF15\/AFC-IFOP-SONDAGE-RESULTATS-20191002.pdf<\/a><\/p>\n\n\n\n<p>pour les Associations Familiales Catholiques r\u00e9v\u00e8le <strong>l&rsquo;ampleur de l&rsquo;opposition des Fran\u00e7ais \u00e0 la \u00ab\u00a0r\u00e9volution de la filiation\u00a0\u00bb impos\u00e9e <\/strong>par le gouvernement dans le cadre des r\u00e9formes soci\u00e9tales men\u00e9es sous couvert de la r\u00e9vision des lois de bio\u00e9thique.<\/p>\n\n\n\n<p>\u00c0 de nombreuses reprises, les AFC ont exprim\u00e9 leur <strong>inqui\u00e9tude sur les d\u00e9rives \u00e9thiques <\/strong>du projet de loi bio\u00e9thique en cours de discussion \u00e0 l&rsquo;Assembl\u00e9e Nationale. Elles ont \u00e9galement d\u00e9nonc\u00e9 le <strong>simulacre de d\u00e9bat <\/strong>que le gouvernement a organis\u00e9 pour tenter d&rsquo;imposer cette \u00ab\u00a0loi de tous les dangers\u00a0\u00bb (cf propos tenus par Emmanuel Macron lui-m\u00eame).<\/p>\n\n\n\n<p>Les AFC rendent aujourd&rsquo;hui publics les r\u00e9sultats d&rsquo;un <strong>sondage exclusif <\/strong>command\u00e9 \u00e0 l&rsquo;IFOP sur certains articles que le gouvernement pr\u00e9f\u00e8rerait passer sous silence.  Des sondages g\u00e9n\u00e9raux sur l&rsquo;ouverture de droits suppl\u00e9mentaires au couples homosexuels existent. Mais aucun n&rsquo;avait sond\u00e9 plus pr\u00e9cis\u00e9ment les Fran\u00e7ais <strong>sur des cons\u00e9quences concr\u00e8tes d&rsquo;une nouvelle loi sur la PMA.  <\/strong><\/p>\n\n\n\n<p>Au nom du \u00a0\u00bb progr\u00e8s \u00ab\u00a0, le gouvernement n&rsquo;h\u00e9site pas \u00e0 <strong>abattre des digues \u00e9thiques <\/strong>que la France avait toujours, jusque-l\u00e0, eu \u00e0 c\u0153ur de pr\u00e9server, <strong>au nom de la dignit\u00e9 de la personne humaine et de la protection de l&rsquo;int\u00e9r\u00eat sup\u00e9rieur de l&rsquo;enfant<\/strong>. Ces r\u00e9sultats confirment s&rsquo;il \u00e9tait besoin que : <\/p>\n\n\n\n<p> &#8211; les Fran\u00e7ais disent <strong>non \u00e0 l&rsquo;effacement total du p\u00e8re dans la procr\u00e9ation et la filiation<\/strong>, <\/p>\n\n\n\n<p>&#8211; <strong>les Fran\u00e7ais disent non aux exp\u00e9riences scientifiques sur les embryons<\/strong>. <\/p>\n\n\n\n<p>Ce d\u00e9bat sur la \u00ab\u00a0r\u00e9volution de la filiation\u00a0\u00bb, encore une fois, ne <strong>prend pas assez en compte l&rsquo;avis des Fran\u00e7ais<\/strong>, malgr\u00e9 les promesses de consensus et de d\u00e9bat apais\u00e9 exprim\u00e9es par Emmanuel Macron.<\/p>\n\n\n\n<p>1<strong>\/Les Fran\u00e7ais sont quasiment unanimes (83%) pour r\u00e9affirmer \u00ab\u00a0le droit pour chaque enfant d&rsquo;avoir un p\u00e8re\u00a0\u00bb.   Jean-Louis Touraine<\/strong>, rapporteur du projet de loi, lors des d\u00e9bats en Commission, avait pos\u00e9 comme conviction centrale qu&rsquo; \u00ab\u00a0<strong>Il n&rsquo;y a pas de droit de l&rsquo;enfant \u00e0 avoir un p\u00e8re et heureusement !\u00a0\u00bb. <\/strong>Il a m\u00eame dit souhaiter <strong>au plus vite l&rsquo;ouverture \u00e0 la GPA<\/strong> dans les ann\u00e9es \u00e0 venir, ce qui ach\u00e8verait d\u00e9finitivement son projet d&rsquo;une \u00ab\u00a0<strong>PMA sans sexe pour tous<\/strong>\u00ab\u00a0. Or <strong>cet effacement total de la figure du p\u00e8re, qu&rsquo;elle soit biologique, sociale ou m\u00eame symbolique, les Fran\u00e7ais n&rsquo;en veulent pas !<\/strong> M\u00eame dans le camp de la majorit\u00e9, les \u00e9lecteurs d&rsquo;Emmanuel Macron sont 80% \u00e0 rappeler leur <strong>attachement \u00e0 ce principe fondateur de la filiation.<\/strong><\/p>\n\n\n\n<p>2\/<strong> Une immense majorit\u00e9 de Fran\u00e7ais (91%) estime pr\u00e9f\u00e9rable que les enfants ne soient pas \u00e9lev\u00e9s par une femme seule<\/strong>, rejetant ainsi, et de mani\u00e8re massive, la cr\u00e9ation d\u00e9lib\u00e9r\u00e9e de familles monoparentales par l&rsquo;acc\u00e8s \u00e0 l&rsquo;AMP des femmes seules.<\/p>\n\n\n\n<p>3\/<strong>Une tr\u00e8s large majorit\u00e9 de Fran\u00e7ais (65%) estime que c&rsquo;est une mauvaise chose d&rsquo;autoriser des entreprises priv\u00e9es \u00e0 se lancer sur le march\u00e9 de la collecte et de la conservation des ovocytes<\/strong> au lieu de r\u00e9server ces actes \u00e0 des organismes publics. C&rsquo;est un jugement que partagent aussi 62% des \u00e9lecteurs d&rsquo;Emmanuel Macron. <\/p>\n\n\n\n<p>Par ailleurs, et malgr\u00e9 leurs demandes r\u00e9it\u00e9r\u00e9es, <strong>les AFC n&rsquo;ont toujours pas eu de r\u00e9ponse <\/strong>de la part du gouvernement sur la mani\u00e8re avec laquelle il entend <strong>\u00e9viter les d\u00e9rives de la conservation des ovocytes sans raison m\u00e9dicale <\/strong>: Comment garantir aux femmes que l&rsquo;autoconservation des ovocytes ne va pas d\u00e9boucher sur des pressions de leurs employeurs ? Comment garantir que la p\u00e9nurie de gam\u00e8tes ne va pas se traduire par une marchandisation du corps humain et le d\u00e9veloppement d&rsquo;un march\u00e9 international ? Comment \u00e9viter le d\u00e9veloppement \u00e0 moyen terme d&rsquo;un business florissant de la procr\u00e9ation ?<\/p>\n\n\n\n<p> 4\/<strong>82% des Fran\u00e7ais ne sont pas favorables (et 57% pas du tout favorables) \u00e0 ce que les chercheurs soient autoris\u00e9s \u00e0 cr\u00e9er des \u00a0\u00bb embryons animaux chim\u00e9riques <\/strong>\u00ab\u00a0, c&rsquo;est-\u00e0-dire des embryons d&rsquo;animaux sur lesquels sont greff\u00e9es des cellules humaines. <\/p>\n\n\n\n<p> 5\/<strong>Enfin, plus d&rsquo;un Fran\u00e7ais sur deux (54%) estiment que les Fran\u00e7ais n&rsquo;ont pas \u00e9t\u00e9 suffisamment \u00e9cout\u00e9s<\/strong> <strong>et leur avis pris en comp<\/strong>te par rapport \u00e0 ce projet de loi. Nous sommes loin des conditions d&rsquo;un consensus, ni de celui d&rsquo;un d\u00e9bat apais\u00e9. <\/p>\n\n\n\n<p>Les AFC <strong>d\u00e9noncent une fois encore un \u00ab\u00a0GRAND BRICOLAGE<\/strong>\u00a0\u00bb qui ne prend pas en compte les cons\u00e9quences sociales d&rsquo;un tel changement et qui modifie en profondeur la filiation sans aucun principe de pr\u00e9caution. La majorit\u00e9 a jou\u00e9 un simulacre de d\u00e9bat : &#8211; en <strong>niant les r\u00e9sultats des Etats g\u00e9n\u00e9raux de la Bio\u00e9thique<\/strong>, &#8211; en <strong>balayant les r\u00e9serves de l&rsquo;Acad\u00e9mie de M\u00e9decine<\/strong>, &#8211; en pers\u00e9v\u00e9rant \u00e0 prendre <strong>pour r\u00e9f\u00e9rence des \u00e9tudes que tous les experts, dont le CCNE, ont jug\u00e9 inexploitables <\/strong>en raison de leurs biais m\u00e9thodologiques et de leur manque de recul,  &#8211; en <strong>arguant du principe de l&rsquo;\u00e9galit\u00e9 entre les couples homosexuels et les couples h\u00e9t\u00e9rosexuels<\/strong>, alors que le Conseil d&rsquo;Etat avait rappel\u00e9 dans un arr\u00eat du 28 septembre 2018 qu&rsquo;exclure les couples de femmes de la PMA ne pouvait \u00eatre jug\u00e9 discriminatoire,<\/p>\n\n\n\n<p>Avec la publication de ce sondage exclusif, les AFC entendent \u00e0 nouveau <strong>d\u00e9noncer avec force la m\u00e9thode de pseudo-concertation<\/strong> du gouvernement et expriment leurs <strong>vives inqui\u00e9tudes<\/strong> sur les cons\u00e9quences n\u00e9fastes multiples de ce projet de loi. <\/p>\n\n\n\n<p>Elles <strong>appellent \u00e0 une Marche avec le collectif d&rsquo;associations \u00ab\u00a0Marchons enfants\u00a0\u00bb le 6 octobre<\/strong> prochain pour faire entendre la voix des familles, celle des enfants \u00e0 na\u00eetre et pour continuer son travail de \u00ab\u00a0lanceur d&rsquo;alerte\u00a0\u00bb sur cette loi. Les AFC rappellent le caract\u00e8re profond\u00e9ment pacifique et respectueux de leur d\u00e9marche. <\/p>\n\n\n\n<p>  Elles demandent instamment au gouvernement de <strong>renoncer \u00e0 ce projet <\/strong>de loi et de promouvoir une politique engag\u00e9e pour l&rsquo;\u00e9cologie humaine et familiale. La famille est en effet un \u00e9cosyst\u00e8me fragile, cellule de base de la soci\u00e9t\u00e9, et il importe de le prot\u00e9ger.<\/p>\n\n\n\n<p><em>Les Associations Familiales Catholiques sont, depuis 1905, un cadre d&rsquo;engagement et d&rsquo;entraide offert \u00e0 tous ceux qui veulent agir dans la soci\u00e9t\u00e9 au service de la famille, \u00e0 la lumi\u00e8re de l&rsquo;enseignement de l&rsquo;Eglise catholique. Les AFC repr\u00e9sentent 30 000 familles adh\u00e9rentes, r\u00e9parties dans pr\u00e8s de 300 AFC locales et ont pour but de valoriser la famille, proposer des services aux familles et \u00eatre force de proposition permanente aupr\u00e8s des acteurs \u00e9conomiques, sociaux et politiques, pourque le choix de la famille et l&rsquo;accueil de l&rsquo;enfant soient facilit\u00e9s.<\/em><\/p>\n","protected":false},"excerpt":{"rendered":"<p>Un sondage IFOP, https:\/\/oxi90.com\/OSZEPXF15\/AFC-IFOP-SONDAGE-RESULTATS-20191002.pdf pour les Associations Familiales Catholiques r\u00e9v\u00e8le l&rsquo;ampleur de l&rsquo;opposition des Fran\u00e7ais \u00e0 la \u00ab\u00a0r\u00e9volution de la filiation\u00a0\u00bb impos\u00e9e par le gouvernement dans le cadre des r\u00e9formes soci\u00e9tales men\u00e9es sous couvert de la r\u00e9vision des lois de &hellip; <a href=\"https:\/\/www.afc69.fr\/?p=4768\">Continuer la lecture <span class=\"meta-nav\">&rarr;<\/span><\/a><\/p>\n","protected":false},"author":2,"featured_media":0,"comment_status":"open","ping_status":"open","sticky":false,"template":"","format":"standard","meta":{"footnotes":""},"categories":[60,231],"tags":[230],"class_list":["post-4768","post","type-post","status-publish","format-standard","hentry","category-communiques-de-presse","category-pma","tag-pma"],"_links":{"self":[{"href":"https:\/\/www.afc69.fr\/index.php?rest_route=\/wp\/v2\/posts\/4768","targetHints":{"allow":["GET"]}}],"collection":[{"href":"https:\/\/www.afc69.fr\/index.php?rest_route=\/wp\/v2\/posts"}],"about":[{"href":"https:\/\/www.afc69.fr\/index.php?rest_route=\/wp\/v2\/types\/post"}],"author":[{"embeddable":true,"href":"https:\/\/www.afc69.fr\/index.php?rest_route=\/wp\/v2\/users\/2"}],"replies":[{"embeddable":true,"href":"https:\/\/www.afc69.fr\/index.php?rest_route=%2Fwp%2Fv2%2Fcomments&post=4768"}],"version-history":[{"count":4,"href":"https:\/\/www.afc69.fr\/index.php?rest_route=\/wp\/v2\/posts\/4768\/revisions"}],"predecessor-version":[{"id":4772,"href":"https:\/\/www.afc69.fr\/index.php?rest_route=\/wp\/v2\/posts\/4768\/revisions\/4772"}],"wp:attachment":[{"href":"https:\/\/www.afc69.fr\/index.php?rest_route=%2Fwp%2Fv2%2Fmedia&parent=4768"}],"wp:term":[{"taxonomy":"category","embeddable":true,"href":"https:\/\/www.afc69.fr\/index.php?rest_route=%2Fwp%2Fv2%2Fcategories&post=4768"},{"taxonomy":"post_tag","embeddable":true,"href":"https:\/\/www.afc69.fr\/index.php?rest_route=%2Fwp%2Fv2%2Ftags&post=4768"}],"curies":[{"name":"wp","href":"https:\/\/api.w.org\/{rel}","templated":true}]}}