{"id":17778,"date":"2026-05-01T16:46:15","date_gmt":"2026-05-01T15:46:15","guid":{"rendered":"https:\/\/www.afc69.fr\/?p=17778"},"modified":"2026-04-30T19:53:29","modified_gmt":"2026-04-30T18:53:29","slug":"priere-pour-la-paix-12-heures-avec-marie-a-ars-samedi-2-mai","status":"publish","type":"post","link":"https:\/\/www.afc69.fr\/?p=17778","title":{"rendered":"PRIERE POUR LA PAIX &#8211; 12 HEURES AVEC MARIE A ARS. SAMEDI 2 MAI."},"content":{"rendered":"<div class=\"wp-block-image\">\n<figure class=\"aligncenter size-full\"><a href=\"https:\/\/catholique-belley-ars.fr\/\"><img loading=\"lazy\" decoding=\"async\" width=\"563\" height=\"796\" src=\"https:\/\/www.afc69.fr\/wp-content\/uploads\/2026\/04\/image-61.png\" alt=\"\" class=\"wp-image-17780\" srcset=\"https:\/\/www.afc69.fr\/wp-content\/uploads\/2026\/04\/image-61.png 563w, https:\/\/www.afc69.fr\/wp-content\/uploads\/2026\/04\/image-61-212x300.png 212w\" sizes=\"auto, (max-width: 563px) 100vw, 563px\" \/><\/a><\/figure>\n<\/div>\n\n\n<p><strong>\u00ab&nbsp;L\u2019AVE Maria est une pri\u00e8re qui ne lasse jamais&nbsp;\u00bb, disait le St Cur\u00e9 d\u2019Ars.<\/strong><\/p>\n\n\n\n<p><strong>1 000 AVE pour supplier Marie, Reine de la paix&nbsp;!<\/strong><strong><\/strong><\/p>\n\n\n\n<p>Vous \u00eates cordialement invit\u00e9s \u00e0 venir ou \u00e0 vous associer \u00e0 la grande journ\u00e9e de pri\u00e8re \u00ab&nbsp;<strong>12 heures avec Marie<\/strong>&nbsp;\u00bb qui aura lieu<\/p>\n\n\n\n<p><strong>le samedi 2 mai 2026,<\/strong> <strong>de 7h30 \u00e0 19h30 \u00e0 Ars<\/strong> <strong>en la chapelle Marie Immacul\u00e9e\u00a0(maison de la basilique, \u00e0 gauche de la boulangerie).<\/strong><\/p>\n\n\n\n<p>En ce d\u00e9but du mois de Marie, nous prierons pour le respect de la vie\u00a0(et en particulier la fin de vie),\u00a0pour les besoins des familles et des malades, de l\u2019Eglise et pour la paix dans le monde\u00a0(et en France notamment).<\/p>\n\n\n\n<p>En ces temps troubl\u00e9s, nous aurons \u00e0 c\u0153ur de prier plus particuli\u00e8rement pour la paix dans le monde, dans le sillage du Rosaire pour la paix pr\u00e9sid\u00e9 par le Pape L\u00e9on XIV le 11 avril dernier \u00e0 Rome.<\/p>\n\n\n\n<p>Un chapelet commencera chaque demi-heure, d\u00e8s 8h00.<\/p>\n\n\n\n<p>Sur la journ\u00e9e seront m\u00e9dit\u00e9s 20 chapelets soit 1 000 AVE \u00e9gren\u00e9s devant J\u00e9sus Hostie expos\u00e9.<\/p>\n\n\n\n<p>Vous pourrez, si vous le souhaitez, venir \u00e0 tout moment prier avec nous un chapelet, ou plus, voire consacrer\u00a0une demi-journ\u00e9e ou\u00a0votre journ\u00e9e \u00e0 cette grande pri\u00e8re.<\/p>\n\n\n\n<p>Messe \u00e0 12h00 sur place, suivie d\u2019une cons\u00e9cration \u00e0 Marie. Confessions possibles toute la journ\u00e9e \u00e0 la basilique.<\/p>\n\n\n\n<p>Reprise des chapelets \u00e0 13h00 apr\u00e8s la courte pause pique-nique.<\/p>\n\n\n\n<p>Dernier chapelet \u00e0 18h30.<\/p>\n\n\n\n<p>La paroisse\/sanctuaire d\u2019Ars et la Soci\u00e9t\u00e9 Jean-Marie Vianney sont partenaires, cette fois encore, de la 13<sup>\u00e8me<\/sup>&nbsp;\u00e9dition de cette initiative.<\/p>\n\n\n\n<p>Le dioc\u00e8se de Belley-Ars a mis en ligne cette journ\u00e9e eucharistique et mariale, avec toutes les infos, sur son site Internet &nbsp;&nbsp;(<a href=\"https:\/\/catholique-belley-ars.fr\/\" target=\"_blank\" rel=\"noreferrer noopener\">https:\/\/catholique-belley-ars.fr<\/a>&nbsp;&nbsp;&nbsp; rubrique&nbsp;: agenda)<\/p>\n","protected":false},"excerpt":{"rendered":"<p>\u00ab&nbsp;L\u2019AVE Maria est une pri\u00e8re qui ne lasse jamais&nbsp;\u00bb, disait le St Cur\u00e9 d\u2019Ars. 1 000 AVE pour supplier Marie, Reine de la paix&nbsp;! Vous \u00eates cordialement invit\u00e9s \u00e0 venir ou \u00e0 vous associer \u00e0 la grande journ\u00e9e de pri\u00e8re &hellip; <a href=\"https:\/\/www.afc69.fr\/?p=17778\">Continuer la lecture <span class=\"meta-nav\">&rarr;<\/span><\/a><\/p>\n","protected":false},"author":2,"featured_media":17780,"comment_status":"open","ping_status":"open","sticky":false,"template":"","format":"standard","meta":{"footnotes":""},"categories":[59],"tags":[],"class_list":["post-17778","post","type-post","status-publish","format-standard","has-post-thumbnail","hentry","category-petites-annonces"],"_links":{"self":[{"href":"https:\/\/www.afc69.fr\/index.php?rest_route=\/wp\/v2\/posts\/17778","targetHints":{"allow":["GET"]}}],"collection":[{"href":"https:\/\/www.afc69.fr\/index.php?rest_route=\/wp\/v2\/posts"}],"about":[{"href":"https:\/\/www.afc69.fr\/index.php?rest_route=\/wp\/v2\/types\/post"}],"author":[{"embeddable":true,"href":"https:\/\/www.afc69.fr\/index.php?rest_route=\/wp\/v2\/users\/2"}],"replies":[{"embeddable":true,"href":"https:\/\/www.afc69.fr\/index.php?rest_route=%2Fwp%2Fv2%2Fcomments&post=17778"}],"version-history":[{"count":2,"href":"https:\/\/www.afc69.fr\/index.php?rest_route=\/wp\/v2\/posts\/17778\/revisions"}],"predecessor-version":[{"id":17788,"href":"https:\/\/www.afc69.fr\/index.php?rest_route=\/wp\/v2\/posts\/17778\/revisions\/17788"}],"wp:featuredmedia":[{"embeddable":true,"href":"https:\/\/www.afc69.fr\/index.php?rest_route=\/wp\/v2\/media\/17780"}],"wp:attachment":[{"href":"https:\/\/www.afc69.fr\/index.php?rest_route=%2Fwp%2Fv2%2Fmedia&parent=17778"}],"wp:term":[{"taxonomy":"category","embeddable":true,"href":"https:\/\/www.afc69.fr\/index.php?rest_route=%2Fwp%2Fv2%2Fcategories&post=17778"},{"taxonomy":"post_tag","embeddable":true,"href":"https:\/\/www.afc69.fr\/index.php?rest_route=%2Fwp%2Fv2%2Ftags&post=17778"}],"curies":[{"name":"wp","href":"https:\/\/api.w.org\/{rel}","templated":true}]}}