{"id":17764,"date":"2026-05-01T17:00:25","date_gmt":"2026-05-01T16:00:25","guid":{"rendered":"https:\/\/www.afc69.fr\/?p=17764"},"modified":"2026-04-30T19:47:21","modified_gmt":"2026-04-30T18:47:21","slug":"quete-pour-la-vie-dimanche-31-mai-2026-a-locaasion-de-la-fete-des-meres-les-afc-se-mobilisent-au-mois-de-mai-merci-pour-votre-generosite-aux-associations-qui-accompagnent-les-meres-en-difficu","status":"publish","type":"post","link":"https:\/\/www.afc69.fr\/?p=17764","title":{"rendered":"\u00ab\u00a0QU\u00caTE POUR LA VIE\u00a0\u00bb DIMANCHE 31 MAI 2026 A L&rsquo;OCCASION DE LA F\u00caTE DES MERES &#8211; LES AFC SE MOBILISENT AU MOIS DE MAI. MERCI POUR VOTRE GENEROSITE AUX ASSOCIATIONS QUI ACCOMPAGNENT LES MERES EN DIFFICULTE. POSSIBILITE DE FAIRE UN DON EN LIGNE !"},"content":{"rendered":"<div class=\"wp-block-image\">\n<figure class=\"aligncenter size-large\"><a href=\"https:\/\/www.helloasso.com\/associations\/federation-des-afc-du-rhone\/formulaires\/2\"><img loading=\"lazy\" decoding=\"async\" width=\"576\" height=\"1024\" src=\"https:\/\/www.afc69.fr\/wp-content\/uploads\/2026\/04\/image-57-576x1024.png\" alt=\"\" class=\"wp-image-17766\" srcset=\"https:\/\/www.afc69.fr\/wp-content\/uploads\/2026\/04\/image-57-576x1024.png 576w, https:\/\/www.afc69.fr\/wp-content\/uploads\/2026\/04\/image-57-169x300.png 169w, https:\/\/www.afc69.fr\/wp-content\/uploads\/2026\/04\/image-57-768x1365.png 768w, https:\/\/www.afc69.fr\/wp-content\/uploads\/2026\/04\/image-57-864x1536.png 864w, https:\/\/www.afc69.fr\/wp-content\/uploads\/2026\/04\/image-57.png 1080w\" sizes=\"auto, (max-width: 576px) 100vw, 576px\" \/><\/a><\/figure>\n<\/div>\n\n\n<p class=\"has-text-align-left\">Parce qu\u2019il y a des vies qui n\u2019ont personne sur qui compter, depuis plus de 30 ans les AFC (Associations Familiales Catholiques) dans toute la France se mobilisent aux alentours de la F\u00eate des m\u00e8res pour vous faire conna\u00eetre l\u2019existence d\u2019associations qui viennent en aide aux m\u00e8res en situation pr\u00e9caire, aux parents d\u2019enfants concern\u00e9s par le handicap, aux m\u00e8res c\u00e9libataires.<br>Gr\u00e2ce \u00e0 votre g\u00e9n\u00e9rosit\u00e9, ces associations accompagnent les familles fragilis\u00e9es en leur<br>proposant un accueil dans un foyer chaleureux, des aides mat\u00e9rielles ou un soutien psychologique.<\/p>\n\n\n\n<p class=\"has-text-align-left\">A travers votre AFC, faites un don aux associations suivantes qui viennent en aide aux familles fragilis\u00e9es :<\/p>\n\n\n\n<ul class=\"wp-block-list\">\n<li>Association La Maison de Louise : <a href=\"https:\/\/maisondelouise.com\/\">La maison de Louise \u2013 Un toit pour maman, de la s\u00e9r\u00e9nit\u00e9 pour b\u00e9b\u00e9.<\/a><\/li>\n\n\n\n<li>Association La Maison de Marthe &amp; Marie : <a href=\"https:\/\/www.martheetmarie.fr\/\">La Maison de Marthe et Marie<\/a><\/li>\n<\/ul>\n\n\n\n<p><strong>Pour faire un don<\/strong> :<\/p>\n\n\n\n<ul class=\"wp-block-list\">\n<li>Par ch\u00e8que :\u00e0 l&rsquo;ordre de \u00ab\u00a0F\u00e9d\u00e9ration des AFC du Rh\u00f4ne\u00a0\u00bb 4 rue des Remparts d&rsquo;Ainay, 69002 Lyon. Mentionnez au dos du ch\u00e8que \u00abDon pour la Qu\u00eate pour la vie\u00bb et \u00abRe\u00e7u fiscal\u00bb si vous en d\u00e9sirez un.<\/li>\n\n\n\n<li>En ligne via ce lien : <a href=\"https:\/\/www.helloasso.com\/associations\/federation-des-afc-du-rhone\/formulaires\/2\">https:\/\/www.helloasso.com\/associations\/federation-des-afc-du-rhone\/formulaires\/2<\/a><\/li>\n<\/ul>\n\n\n<div class=\"wp-block-image\">\n<figure class=\"aligncenter size-full\"><a href=\"https:\/\/www.afc69.fr\/wp-content\/uploads\/2026\/04\/qr-1.png\"><img loading=\"lazy\" decoding=\"async\" width=\"200\" height=\"200\" src=\"https:\/\/www.afc69.fr\/wp-content\/uploads\/2026\/04\/qr-1.png\" alt=\"\" class=\"wp-image-17782\" srcset=\"https:\/\/www.afc69.fr\/wp-content\/uploads\/2026\/04\/qr-1.png 200w, https:\/\/www.afc69.fr\/wp-content\/uploads\/2026\/04\/qr-1-150x150.png 150w\" sizes=\"auto, (max-width: 200px) 100vw, 200px\" \/><\/a><\/figure>\n<\/div>","protected":false},"excerpt":{"rendered":"<p>Parce qu\u2019il y a des vies qui n\u2019ont personne sur qui compter, depuis plus de 30 ans les AFC (Associations Familiales Catholiques) dans toute la France se mobilisent aux alentours de la F\u00eate des m\u00e8res pour vous faire conna\u00eetre l\u2019existence &hellip; <a href=\"https:\/\/www.afc69.fr\/?p=17764\">Continuer la lecture <span class=\"meta-nav\">&rarr;<\/span><\/a><\/p>\n","protected":false},"author":2,"featured_media":17766,"comment_status":"open","ping_status":"open","sticky":false,"template":"","format":"standard","meta":{"footnotes":""},"categories":[6,4,5,2,21,61,87],"tags":[],"class_list":["post-17764","post","type-post","status-publish","format-standard","has-post-thumbnail","hentry","category-presquile","category-rivegauche","category-irenee","category-vianney","category-_villefranche","category-actions-nationales","category-cnafc"],"_links":{"self":[{"href":"https:\/\/www.afc69.fr\/index.php?rest_route=\/wp\/v2\/posts\/17764","targetHints":{"allow":["GET"]}}],"collection":[{"href":"https:\/\/www.afc69.fr\/index.php?rest_route=\/wp\/v2\/posts"}],"about":[{"href":"https:\/\/www.afc69.fr\/index.php?rest_route=\/wp\/v2\/types\/post"}],"author":[{"embeddable":true,"href":"https:\/\/www.afc69.fr\/index.php?rest_route=\/wp\/v2\/users\/2"}],"replies":[{"embeddable":true,"href":"https:\/\/www.afc69.fr\/index.php?rest_route=%2Fwp%2Fv2%2Fcomments&post=17764"}],"version-history":[{"count":5,"href":"https:\/\/www.afc69.fr\/index.php?rest_route=\/wp\/v2\/posts\/17764\/revisions"}],"predecessor-version":[{"id":17786,"href":"https:\/\/www.afc69.fr\/index.php?rest_route=\/wp\/v2\/posts\/17764\/revisions\/17786"}],"wp:featuredmedia":[{"embeddable":true,"href":"https:\/\/www.afc69.fr\/index.php?rest_route=\/wp\/v2\/media\/17766"}],"wp:attachment":[{"href":"https:\/\/www.afc69.fr\/index.php?rest_route=%2Fwp%2Fv2%2Fmedia&parent=17764"}],"wp:term":[{"taxonomy":"category","embeddable":true,"href":"https:\/\/www.afc69.fr\/index.php?rest_route=%2Fwp%2Fv2%2Fcategories&post=17764"},{"taxonomy":"post_tag","embeddable":true,"href":"https:\/\/www.afc69.fr\/index.php?rest_route=%2Fwp%2Fv2%2Ftags&post=17764"}],"curies":[{"name":"wp","href":"https:\/\/api.w.org\/{rel}","templated":true}]}}