{"id":17756,"date":"2026-05-01T16:57:25","date_gmt":"2026-05-01T15:57:25","guid":{"rendered":"https:\/\/www.afc69.fr\/?p=17756"},"modified":"2026-04-30T19:42:06","modified_gmt":"2026-04-30T18:42:06","slug":"la-tournee-dalliance-vita-a-lyon-le-12-mai-une-tournee-pour-reaffirmer-la-dignite-de-toute-vie-humaine-et-renforcer-la-solidarite","status":"publish","type":"post","link":"https:\/\/www.afc69.fr\/?p=17756","title":{"rendered":"LA TOURNEE D&rsquo;ALLIANCE VITA (A LYON LE 12 MAI) : Une tourn\u00e9e\u00a0pour\u00a0r\u00e9affirmer la dignit\u00e9 de toute vie humaine\u00a0et\u00a0renforcer la\u00a0solidarit\u00e9"},"content":{"rendered":"<div class=\"wp-block-image\">\n<figure class=\"aligncenter size-large\"><a href=\"https:\/\/www.alliancevita.org\/2026\/04\/cp-tournee-la-vie-vaut-la-peine\/\"><img loading=\"lazy\" decoding=\"async\" width=\"724\" height=\"1024\" src=\"https:\/\/www.afc69.fr\/wp-content\/uploads\/2026\/04\/image-53-724x1024.png\" alt=\"\" class=\"wp-image-17758\" srcset=\"https:\/\/www.afc69.fr\/wp-content\/uploads\/2026\/04\/image-53-724x1024.png 724w, https:\/\/www.afc69.fr\/wp-content\/uploads\/2026\/04\/image-53-212x300.png 212w, https:\/\/www.afc69.fr\/wp-content\/uploads\/2026\/04\/image-53-768x1086.png 768w, https:\/\/www.afc69.fr\/wp-content\/uploads\/2026\/04\/image-53-1086x1536.png 1086w, https:\/\/www.afc69.fr\/wp-content\/uploads\/2026\/04\/image-53-1320x1867.png 1320w, https:\/\/www.afc69.fr\/wp-content\/uploads\/2026\/04\/image-53.png 1414w\" sizes=\"auto, (max-width: 724px) 100vw, 724px\" \/><\/a><\/figure>\n<\/div>\n\n\n<p class=\"has-text-align-center\">A l\u2019heure o\u00f9 les rythmes de vie s\u2019acc\u00e9l\u00e8rent et o\u00f9 \u00e9mergent de nouvelles fragilit\u00e9s, Alliance VITA lance une tourn\u00e9e dans une dizaine de villes \u00e0 travers la France nationale du 22 avril au 26 juin.<\/p>\n\n\n\n<p class=\"has-text-align-center\"><strong>L\u2019objectif ? Ouvrir un espace de rencontre et de dialogue autour d\u2019une question essentielle : la vie vaut-elle toujours la peine ?<\/strong><\/p>\n\n\n\n<p>Cette initiative vise \u00e0 aller \u00e0 la rencontre des citoyens pour \u00e9changer, sensibiliser aux enjeux de la dignit\u00e9 humaine et renforcer le lien social, aujourd\u2019hui fragilis\u00e9.<\/p>\n\n\n\n<p>Cette tourn\u00e9e sera aussi l\u2019occasion de d\u00e9ployer la nouvelle identit\u00e9 visuelle d\u2019Alliance VITA. Pens\u00e9e pour mieux rendre visible l\u2019action de l\u2019association et renforcer la dimension collective de son engagement, elle symbolise le soutien \u00e0 chaque vie humaine \u00e0 travers l\u2019\u00e9coute, la formation et la mobilisation.<\/p>\n\n\n\n<p><a href=\"https:\/\/www.alliancevita.org\/2026\/04\/cp-tournee-la-vie-vaut-la-peine\/\">\u201cLa vie vaut la peine\u201d : une tourn\u00e9e d&rsquo;Alliance VITA<\/a><\/p>\n","protected":false},"excerpt":{"rendered":"<p>A l\u2019heure o\u00f9 les rythmes de vie s\u2019acc\u00e9l\u00e8rent et o\u00f9 \u00e9mergent de nouvelles fragilit\u00e9s, Alliance VITA lance une tourn\u00e9e dans une dizaine de villes \u00e0 travers la France nationale du 22 avril au 26 juin. L\u2019objectif ? Ouvrir un espace &hellip; <a href=\"https:\/\/www.afc69.fr\/?p=17756\">Continuer la lecture <span class=\"meta-nav\">&rarr;<\/span><\/a><\/p>\n","protected":false},"author":2,"featured_media":17758,"comment_status":"open","ping_status":"open","sticky":false,"template":"","format":"standard","meta":{"footnotes":""},"categories":[61],"tags":[],"class_list":["post-17756","post","type-post","status-publish","format-standard","has-post-thumbnail","hentry","category-actions-nationales"],"_links":{"self":[{"href":"https:\/\/www.afc69.fr\/index.php?rest_route=\/wp\/v2\/posts\/17756","targetHints":{"allow":["GET"]}}],"collection":[{"href":"https:\/\/www.afc69.fr\/index.php?rest_route=\/wp\/v2\/posts"}],"about":[{"href":"https:\/\/www.afc69.fr\/index.php?rest_route=\/wp\/v2\/types\/post"}],"author":[{"embeddable":true,"href":"https:\/\/www.afc69.fr\/index.php?rest_route=\/wp\/v2\/users\/2"}],"replies":[{"embeddable":true,"href":"https:\/\/www.afc69.fr\/index.php?rest_route=%2Fwp%2Fv2%2Fcomments&post=17756"}],"version-history":[{"count":1,"href":"https:\/\/www.afc69.fr\/index.php?rest_route=\/wp\/v2\/posts\/17756\/revisions"}],"predecessor-version":[{"id":17759,"href":"https:\/\/www.afc69.fr\/index.php?rest_route=\/wp\/v2\/posts\/17756\/revisions\/17759"}],"wp:featuredmedia":[{"embeddable":true,"href":"https:\/\/www.afc69.fr\/index.php?rest_route=\/wp\/v2\/media\/17758"}],"wp:attachment":[{"href":"https:\/\/www.afc69.fr\/index.php?rest_route=%2Fwp%2Fv2%2Fmedia&parent=17756"}],"wp:term":[{"taxonomy":"category","embeddable":true,"href":"https:\/\/www.afc69.fr\/index.php?rest_route=%2Fwp%2Fv2%2Fcategories&post=17756"},{"taxonomy":"post_tag","embeddable":true,"href":"https:\/\/www.afc69.fr\/index.php?rest_route=%2Fwp%2Fv2%2Ftags&post=17756"}],"curies":[{"name":"wp","href":"https:\/\/api.w.org\/{rel}","templated":true}]}}