{"id":17748,"date":"2026-05-01T16:40:15","date_gmt":"2026-05-01T15:40:15","guid":{"rendered":"https:\/\/www.afc69.fr\/?p=17748"},"modified":"2026-04-30T19:46:22","modified_gmt":"2026-04-30T18:46:22","slug":"la-marche-pour-jesus-a-lyon-samedi-30-mai","status":"publish","type":"post","link":"https:\/\/www.afc69.fr\/?p=17748","title":{"rendered":"LA MARCHE POUR JESUS A LYON. SAMEDI 30 MAI."},"content":{"rendered":"<div class=\"wp-block-image\">\n<figure class=\"aligncenter size-full\"><a href=\"https:\/\/www.marchepourjesusfrance.fr\/villes\/lyon?utm_source=brevo&amp;utm_campaign=3eme%20dimanche%20de%20Pques_copy&amp;utm_medium=email\"><img loading=\"lazy\" decoding=\"async\" width=\"800\" height=\"475\" src=\"https:\/\/www.afc69.fr\/wp-content\/uploads\/2026\/04\/image-48.png\" alt=\"\" class=\"wp-image-17749\" srcset=\"https:\/\/www.afc69.fr\/wp-content\/uploads\/2026\/04\/image-48.png 800w, https:\/\/www.afc69.fr\/wp-content\/uploads\/2026\/04\/image-48-300x178.png 300w, https:\/\/www.afc69.fr\/wp-content\/uploads\/2026\/04\/image-48-768x456.png 768w, https:\/\/www.afc69.fr\/wp-content\/uploads\/2026\/04\/image-48-500x297.png 500w\" sizes=\"auto, (max-width: 800px) 100vw, 800px\" \/><\/a><\/figure>\n<\/div>\n\n\n<p>Au c\u0153ur de la Marche pour J\u00e9sus, il y a la louange, la pri\u00e8re et la proclamation du Nom de J\u00e9sus. Une seule revendication : proclamer l\u2019amour de J\u00e9sus. Rendez-vous le\u00a0<strong>30 mai 2026<\/strong>\u00a0pour vivre ce temps fort dans l&rsquo;unit\u00e9 des chr\u00e9tiens avec une marche depuis la place Bellecour jusqu&rsquo;au parc Blandan qui accueillera un concert de louange.<\/p>\n\n\n<div class=\"wp-block-image\">\n<figure class=\"aligncenter size-full\"><a href=\"https:\/\/www.afc69.fr\/wp-content\/uploads\/2026\/04\/image-50.png\"><img loading=\"lazy\" decoding=\"async\" width=\"890\" height=\"170\" src=\"https:\/\/www.afc69.fr\/wp-content\/uploads\/2026\/04\/image-50.png\" alt=\"\" class=\"wp-image-17751\" srcset=\"https:\/\/www.afc69.fr\/wp-content\/uploads\/2026\/04\/image-50.png 890w, https:\/\/www.afc69.fr\/wp-content\/uploads\/2026\/04\/image-50-300x57.png 300w, https:\/\/www.afc69.fr\/wp-content\/uploads\/2026\/04\/image-50-768x147.png 768w, https:\/\/www.afc69.fr\/wp-content\/uploads\/2026\/04\/image-50-500x96.png 500w\" sizes=\"auto, (max-width: 890px) 100vw, 890px\" \/><\/a><\/figure>\n<\/div>\n\n\n<p>Pr\u00e9sentation compl\u00e8te: <a href=\"https:\/\/www.canva.com\/design\/DAG-Z6kXgSk\/2yjfGJ6LPHgtyce4Tho3rw\/view?utm_content=DAG-Z6kXgSk&amp;utm_campaign=designshare&amp;utm_medium=link2&amp;utm_source=uniquelinks&amp;utlId=h90c5685b7a\">PRESENTATION EGLISES<\/a><\/p>\n\n\n\n<p><a href=\"https:\/\/www.marchepourjesusfrance.fr\/villes\/lyon?utm_source=brevo&amp;utm_campaign=3eme%20dimanche%20de%20Pques_copy&amp;utm_medium=email\">LYON | MPJ France<\/a><\/p>\n","protected":false},"excerpt":{"rendered":"<p>Au c\u0153ur de la Marche pour J\u00e9sus, il y a la louange, la pri\u00e8re et la proclamation du Nom de J\u00e9sus. Une seule revendication : proclamer l\u2019amour de J\u00e9sus. Rendez-vous le\u00a030 mai 2026\u00a0pour vivre ce temps fort dans l&rsquo;unit\u00e9 des &hellip; <a href=\"https:\/\/www.afc69.fr\/?p=17748\">Continuer la lecture <span class=\"meta-nav\">&rarr;<\/span><\/a><\/p>\n","protected":false},"author":2,"featured_media":17749,"comment_status":"open","ping_status":"open","sticky":false,"template":"","format":"standard","meta":{"footnotes":""},"categories":[59],"tags":[],"class_list":["post-17748","post","type-post","status-publish","format-standard","has-post-thumbnail","hentry","category-petites-annonces"],"_links":{"self":[{"href":"https:\/\/www.afc69.fr\/index.php?rest_route=\/wp\/v2\/posts\/17748","targetHints":{"allow":["GET"]}}],"collection":[{"href":"https:\/\/www.afc69.fr\/index.php?rest_route=\/wp\/v2\/posts"}],"about":[{"href":"https:\/\/www.afc69.fr\/index.php?rest_route=\/wp\/v2\/types\/post"}],"author":[{"embeddable":true,"href":"https:\/\/www.afc69.fr\/index.php?rest_route=\/wp\/v2\/users\/2"}],"replies":[{"embeddable":true,"href":"https:\/\/www.afc69.fr\/index.php?rest_route=%2Fwp%2Fv2%2Fcomments&post=17748"}],"version-history":[{"count":1,"href":"https:\/\/www.afc69.fr\/index.php?rest_route=\/wp\/v2\/posts\/17748\/revisions"}],"predecessor-version":[{"id":17752,"href":"https:\/\/www.afc69.fr\/index.php?rest_route=\/wp\/v2\/posts\/17748\/revisions\/17752"}],"wp:featuredmedia":[{"embeddable":true,"href":"https:\/\/www.afc69.fr\/index.php?rest_route=\/wp\/v2\/media\/17749"}],"wp:attachment":[{"href":"https:\/\/www.afc69.fr\/index.php?rest_route=%2Fwp%2Fv2%2Fmedia&parent=17748"}],"wp:term":[{"taxonomy":"category","embeddable":true,"href":"https:\/\/www.afc69.fr\/index.php?rest_route=%2Fwp%2Fv2%2Fcategories&post=17748"},{"taxonomy":"post_tag","embeddable":true,"href":"https:\/\/www.afc69.fr\/index.php?rest_route=%2Fwp%2Fv2%2Ftags&post=17748"}],"curies":[{"name":"wp","href":"https:\/\/api.w.org\/{rel}","templated":true}]}}