{"id":17744,"date":"2026-05-01T16:42:21","date_gmt":"2026-05-01T15:42:21","guid":{"rendered":"https:\/\/www.afc69.fr\/?p=17744"},"modified":"2026-04-30T19:45:54","modified_gmt":"2026-04-30T18:45:54","slug":"cinefamille-les-dimanches-a-villefontaine-le-29-mai-20h30-afc-du-bas-dauphine","status":"publish","type":"post","link":"https:\/\/www.afc69.fr\/?p=17744","title":{"rendered":"CINEFAMILLE \u00ab\u00a0LES DIMANCHES\u00a0\u00bb A VILLEFONTAINE LE 29 MAI 20H30. (AFC du Bas-Dauphin\u00e9)"},"content":{"rendered":"<div class=\"wp-block-image\">\n<figure class=\"aligncenter size-full\"><a href=\"https:\/\/www.afc69.fr\/wp-content\/uploads\/2026\/04\/image-47.png\"><img loading=\"lazy\" decoding=\"async\" width=\"724\" height=\"1024\" src=\"https:\/\/www.afc69.fr\/wp-content\/uploads\/2026\/04\/image-47.png\" alt=\"\" class=\"wp-image-17746\" srcset=\"https:\/\/www.afc69.fr\/wp-content\/uploads\/2026\/04\/image-47.png 724w, https:\/\/www.afc69.fr\/wp-content\/uploads\/2026\/04\/image-47-212x300.png 212w\" sizes=\"auto, (max-width: 724px) 100vw, 724px\" \/><\/a><\/figure>\n<\/div>\n\n\n<figure class=\"wp-block-table\"><table class=\"has-fixed-layout\"><tbody><tr><td class=\"has-text-align-left\" data-align=\"left\">\u00c0 l\u2019occasion de notre prochain cin\u00e9famille, nous diffuserons le film\u00a0<em>Les Dimanches<\/em>. Ce film \u00e9mouvant et po\u00e9tique nous fait vivre l\u2019\u00e9volution d\u2019une brillante \u00e9l\u00e8ve dans un lyc\u00e9e catholique, qui d\u00e9cide de participer \u00e0 une p\u00e9riode d\u2019int\u00e9gration dans un couvent afin d\u2019embrasser la vie religieuse. Cette d\u00e9cision surprend sa famille et d\u00e9clenche des tensions inattendues.<br>Acclam\u00e9 par la critique et le public,\u00a0<em>Les Dimanches<\/em>\u00a0a rencontr\u00e9 un immense succ\u00e8s en Espagne gr\u00e2ce \u00e0 sa sensibilit\u00e9 et \u00e0 sa capacit\u00e9 \u00e0 toucher tous les \u00e2ges.<br>Un film qui invite \u00e0 la r\u00e9flexion et \u00e0 la contemplation, qui promet une\u00a0soir\u00e9e cin\u00e9matographique riche en \u00e9motions. Venez partager ce moment unique avec nous !<br>Informations pratiques\u00a0:<br>\u00a029 mai \u00e0 20h30<br>\u00a0Cin\u00e9ma\u00a0<em>Le Fellini<\/em>\u00a0\u00e0 Villefontaine<br>\u00a0Tarif pr\u00e9f\u00e9rentiel pour les adh\u00e9rents<br>\u00a0Lien pour s\u2019inscrire \u00e0 venir<\/td><\/tr><\/tbody><\/table><\/figure>\n","protected":false},"excerpt":{"rendered":"<p>\u00c0 l\u2019occasion de notre prochain cin\u00e9famille, nous diffuserons le film\u00a0Les Dimanches. Ce film \u00e9mouvant et po\u00e9tique nous fait vivre l\u2019\u00e9volution d\u2019une brillante \u00e9l\u00e8ve dans un lyc\u00e9e catholique, qui d\u00e9cide de participer \u00e0 une p\u00e9riode d\u2019int\u00e9gration dans un couvent afin d\u2019embrasser &hellip; <a href=\"https:\/\/www.afc69.fr\/?p=17744\">Continuer la lecture <span class=\"meta-nav\">&rarr;<\/span><\/a><\/p>\n","protected":false},"author":2,"featured_media":17746,"comment_status":"open","ping_status":"open","sticky":false,"template":"","format":"standard","meta":{"footnotes":""},"categories":[59],"tags":[],"class_list":["post-17744","post","type-post","status-publish","format-standard","has-post-thumbnail","hentry","category-petites-annonces"],"_links":{"self":[{"href":"https:\/\/www.afc69.fr\/index.php?rest_route=\/wp\/v2\/posts\/17744","targetHints":{"allow":["GET"]}}],"collection":[{"href":"https:\/\/www.afc69.fr\/index.php?rest_route=\/wp\/v2\/posts"}],"about":[{"href":"https:\/\/www.afc69.fr\/index.php?rest_route=\/wp\/v2\/types\/post"}],"author":[{"embeddable":true,"href":"https:\/\/www.afc69.fr\/index.php?rest_route=\/wp\/v2\/users\/2"}],"replies":[{"embeddable":true,"href":"https:\/\/www.afc69.fr\/index.php?rest_route=%2Fwp%2Fv2%2Fcomments&post=17744"}],"version-history":[{"count":1,"href":"https:\/\/www.afc69.fr\/index.php?rest_route=\/wp\/v2\/posts\/17744\/revisions"}],"predecessor-version":[{"id":17747,"href":"https:\/\/www.afc69.fr\/index.php?rest_route=\/wp\/v2\/posts\/17744\/revisions\/17747"}],"wp:featuredmedia":[{"embeddable":true,"href":"https:\/\/www.afc69.fr\/index.php?rest_route=\/wp\/v2\/media\/17746"}],"wp:attachment":[{"href":"https:\/\/www.afc69.fr\/index.php?rest_route=%2Fwp%2Fv2%2Fmedia&parent=17744"}],"wp:term":[{"taxonomy":"category","embeddable":true,"href":"https:\/\/www.afc69.fr\/index.php?rest_route=%2Fwp%2Fv2%2Fcategories&post=17744"},{"taxonomy":"post_tag","embeddable":true,"href":"https:\/\/www.afc69.fr\/index.php?rest_route=%2Fwp%2Fv2%2Ftags&post=17744"}],"curies":[{"name":"wp","href":"https:\/\/api.w.org\/{rel}","templated":true}]}}