{"id":17733,"date":"2026-05-01T16:50:18","date_gmt":"2026-05-01T15:50:18","guid":{"rendered":"https:\/\/www.afc69.fr\/?p=17733"},"modified":"2026-04-30T19:43:21","modified_gmt":"2026-04-30T18:43:21","slug":"article-cnafc-les-aidants-familiaux-piliers-invisibles-de-la-societe","status":"publish","type":"post","link":"https:\/\/www.afc69.fr\/?p=17733","title":{"rendered":"(Article CNAFC) LES AIDANTS FAMILIAUX, PILIERS INVISIBLES DE LA SOCIETE."},"content":{"rendered":"<div class=\"wp-block-image\">\n<figure class=\"aligncenter size-large is-resized\"><a href=\"https:\/\/www.afc-france.org\/sante\/aidants-familiaux-piliers-invisibles\/\"><img loading=\"lazy\" decoding=\"async\" width=\"1024\" height=\"637\" src=\"https:\/\/www.afc69.fr\/wp-content\/uploads\/2026\/04\/image-42-1024x637.png\" alt=\"\" class=\"wp-image-17735\" style=\"aspect-ratio:1.5856030343380543;width:442px;height:auto\" srcset=\"https:\/\/www.afc69.fr\/wp-content\/uploads\/2026\/04\/image-42-1024x637.png 1024w, https:\/\/www.afc69.fr\/wp-content\/uploads\/2026\/04\/image-42-300x186.png 300w, https:\/\/www.afc69.fr\/wp-content\/uploads\/2026\/04\/image-42-768x477.png 768w, https:\/\/www.afc69.fr\/wp-content\/uploads\/2026\/04\/image-42-483x300.png 483w, https:\/\/www.afc69.fr\/wp-content\/uploads\/2026\/04\/image-42.png 1110w\" sizes=\"auto, (max-width: 1024px) 100vw, 1024px\" \/><\/a><\/figure>\n<\/div>\n\n\n<p class=\"has-text-align-center\"><strong>Pr\u00e8s de 9,3 millions d\u2019aidants familiaux jouent un r\u00f4le cl\u00e9 en France face au d\u00e9fi de la perte d\u2019autonomie. Longtemps invisibles, ils sont d\u00e9sormais au c\u0153ur des politiques publiques, avec la cr\u00e9ation d\u2019une 5\u1d49 branche de la S\u00e9curit\u00e9 sociale d\u00e9di\u00e9e \u00e0 l\u2019autonomie et \u00e0 leur accompagnement.<\/strong><\/p>\n\n\n\n<p>Chaque jour en France, pr\u00e8s de 9,3 millions de citoyens s\u2019engagent aupr\u00e8s d\u2019un proche \u00e2g\u00e9, malade ou en situation de handicap. Ces aidants familiaux, majoritairement de proches \u2013 enfants, conjoints, fr\u00e8res ou s\u0153urs \u2013 sont devenus des acteurs essentiels de l\u2019accompagnement des personnes en perte d\u2019autonomie. S\u2019ils sont longtemps rest\u00e9s invisibles dans les politiques publiques, ils constituent aujourd\u2019hui des enjeux politiques, \u00e9conomiques et soci\u00e9taux incontournables.<\/p>\n\n\n\n<p>La d\u00e9pendance li\u00e9e au grand \u00e2ge \u2013 qu\u2019il s\u2019agisse de difficult\u00e9 \u00e0 accomplir les gestes du quotidien ou de perte d\u2019autonomie s\u00e9v\u00e8re \u2013 pose un d\u00e9fi \u00e9conomique et social. Pour les pouvoirs publics, il s\u2019agit d\u00e9sormais d\u2019articuler des r\u00e9ponses qui d\u00e9passent le seul cadre sanitaire pour int\u00e9grer les dimensions familiales, sociales et financi\u00e8res.<\/p>\n\n\n\n<p>Jusqu\u2019aux ann\u00e9es 2000, l\u2019aide fournie par les proches \u00e9tait majoritairement per\u00e7ue comme une extension naturelle des solidarit\u00e9s familiales, sans reconnaissance juridique ni compensation significative. Ce n\u2019est qu\u2019avec les premi\u00e8res grandes lois sur la d\u00e9pendance et l\u2019autonomie que l\u2019\u00c9tat a commenc\u00e9 \u00e0 structurer un cadre d\u2019accompagnement.<\/p>\n\n\n\n<p>La loi d\u2019adaptation de la soci\u00e9t\u00e9 au vieillissement de 2015 (ASV) a constitu\u00e9 un jalon notable : elle reconna\u00eet explicitement l\u2019importance des aidants familiaux, introduit un droits au r\u00e9pit et inscrit la pr\u00e9vention, la participation sociale et le soutien \u00e0 domicile comme des priorit\u00e9s nationales.<\/p>\n\n\n\n<p>Le l\u00e9gislateur a depuis dot\u00e9 la soci\u00e9t\u00e9 fran\u00e7aise d\u2019une couverture sociale sp\u00e9cifique de la perte d\u2019autonomie : un \u00ab 5\u1d49 risque \u00bb au m\u00eame titre que les risques maladie, accidents du travail, famille ou vieillesse. Cette id\u00e9e qui fut consid\u00e9r\u00e9e comme une simple piste au fil des plans successifs, s\u2019est formellement mise en place avec la loi du 7 ao\u00fbt 2020 relative \u00e0 la dette sociale et \u00e0 l\u2019autonomie.<\/p>\n\n\n\n<p>Cette loi a inscrit dans le code de la S\u00e9curit\u00e9 sociale la cr\u00e9ation d\u2019une \u00ab 5\u1d49 branche \u00bb consacr\u00e9e \u00e0 l\u2019autonomie, charg\u00e9e de couvrir les besoins des personnes en situation de perte d\u2019autonomie, qu\u2019elles soient \u00e2g\u00e9es ou handicap\u00e9es, et ce sans distinction d\u2019\u00e2ge ou de situation de sant\u00e9. La gestion de cette branche a \u00e9t\u00e9 confi\u00e9e \u00e0 la Caisse nationale de solidarit\u00e9 pour l\u2019autonomie (CNSA), qui a ainsi acquis un r\u00f4le central et p\u00e9renne dans l\u2019architecture de notre protection sociale.<\/p>\n\n\n\n<p>Cette \u00e9volution n\u2019est pas seulement symbolique : concr\u00e8tement, elle signifie que la Nation a affirm\u00e9 le principe d\u2019une solidarit\u00e9 collective et universelle face au risque de perte d\u2019autonomie, et qu\u2019une partie significative de la mission d\u2019accompagnement et de financement est d\u00e9sormais int\u00e9gr\u00e9e dans le syst\u00e8me de s\u00e9curit\u00e9 sociale national.<\/p>\n","protected":false},"excerpt":{"rendered":"<p>Pr\u00e8s de 9,3 millions d\u2019aidants familiaux jouent un r\u00f4le cl\u00e9 en France face au d\u00e9fi de la perte d\u2019autonomie. Longtemps invisibles, ils sont d\u00e9sormais au c\u0153ur des politiques publiques, avec la cr\u00e9ation d\u2019une 5\u1d49 branche de la S\u00e9curit\u00e9 sociale d\u00e9di\u00e9e &hellip; <a href=\"https:\/\/www.afc69.fr\/?p=17733\">Continuer la lecture <span class=\"meta-nav\">&rarr;<\/span><\/a><\/p>\n","protected":false},"author":2,"featured_media":17735,"comment_status":"open","ping_status":"open","sticky":false,"template":"","format":"standard","meta":{"footnotes":""},"categories":[60],"tags":[],"class_list":["post-17733","post","type-post","status-publish","format-standard","has-post-thumbnail","hentry","category-communiques-de-presse"],"_links":{"self":[{"href":"https:\/\/www.afc69.fr\/index.php?rest_route=\/wp\/v2\/posts\/17733","targetHints":{"allow":["GET"]}}],"collection":[{"href":"https:\/\/www.afc69.fr\/index.php?rest_route=\/wp\/v2\/posts"}],"about":[{"href":"https:\/\/www.afc69.fr\/index.php?rest_route=\/wp\/v2\/types\/post"}],"author":[{"embeddable":true,"href":"https:\/\/www.afc69.fr\/index.php?rest_route=\/wp\/v2\/users\/2"}],"replies":[{"embeddable":true,"href":"https:\/\/www.afc69.fr\/index.php?rest_route=%2Fwp%2Fv2%2Fcomments&post=17733"}],"version-history":[{"count":1,"href":"https:\/\/www.afc69.fr\/index.php?rest_route=\/wp\/v2\/posts\/17733\/revisions"}],"predecessor-version":[{"id":17736,"href":"https:\/\/www.afc69.fr\/index.php?rest_route=\/wp\/v2\/posts\/17733\/revisions\/17736"}],"wp:featuredmedia":[{"embeddable":true,"href":"https:\/\/www.afc69.fr\/index.php?rest_route=\/wp\/v2\/media\/17735"}],"wp:attachment":[{"href":"https:\/\/www.afc69.fr\/index.php?rest_route=%2Fwp%2Fv2%2Fmedia&parent=17733"}],"wp:term":[{"taxonomy":"category","embeddable":true,"href":"https:\/\/www.afc69.fr\/index.php?rest_route=%2Fwp%2Fv2%2Fcategories&post=17733"},{"taxonomy":"post_tag","embeddable":true,"href":"https:\/\/www.afc69.fr\/index.php?rest_route=%2Fwp%2Fv2%2Ftags&post=17733"}],"curies":[{"name":"wp","href":"https:\/\/api.w.org\/{rel}","templated":true}]}}