{"id":16928,"date":"2026-01-16T16:52:36","date_gmt":"2026-01-16T15:52:36","guid":{"rendered":"https:\/\/www.afc69.fr\/?p=16928"},"modified":"2026-01-16T14:20:47","modified_gmt":"2026-01-16T13:20:47","slug":"petition-mobilisons-nous-pour-nos-colleges","status":"publish","type":"post","link":"https:\/\/www.afc69.fr\/?p=16928","title":{"rendered":"PETITION : MOBILISONS-NOUS POUR NOS COLLEGES !"},"content":{"rendered":"<div class=\"wp-block-image\">\n<figure class=\"aligncenter size-full\"><a href=\"https:\/\/www.change.org\/p\/stop-%C3%A0-la-discrimination-des-coll%C3%A9giens-lyonnais-de-l-enseignement-catholique\"><img loading=\"lazy\" decoding=\"async\" width=\"800\" height=\"450\" src=\"https:\/\/www.afc69.fr\/wp-content\/uploads\/2026\/01\/image-25.png\" alt=\"\" class=\"wp-image-16929\" srcset=\"https:\/\/www.afc69.fr\/wp-content\/uploads\/2026\/01\/image-25.png 800w, https:\/\/www.afc69.fr\/wp-content\/uploads\/2026\/01\/image-25-300x169.png 300w, https:\/\/www.afc69.fr\/wp-content\/uploads\/2026\/01\/image-25-768x432.png 768w, https:\/\/www.afc69.fr\/wp-content\/uploads\/2026\/01\/image-25-500x281.png 500w\" sizes=\"auto, (max-width: 800px) 100vw, 800px\" \/><\/a><\/figure>\n<\/div>\n\n<div class=\"wp-block-image\">\n<figure class=\"aligncenter size-full\"><a href=\"https:\/\/www.afc69.fr\/wp-content\/uploads\/2026\/01\/image-26.png\"><img loading=\"lazy\" decoding=\"async\" width=\"740\" height=\"595\" src=\"https:\/\/www.afc69.fr\/wp-content\/uploads\/2026\/01\/image-26.png\" alt=\"\" class=\"wp-image-16930\" srcset=\"https:\/\/www.afc69.fr\/wp-content\/uploads\/2026\/01\/image-26.png 740w, https:\/\/www.afc69.fr\/wp-content\/uploads\/2026\/01\/image-26-300x241.png 300w, https:\/\/www.afc69.fr\/wp-content\/uploads\/2026\/01\/image-26-373x300.png 373w\" sizes=\"auto, (max-width: 740px) 100vw, 740px\" \/><\/a><\/figure>\n<\/div>\n\n<div class=\"wp-block-image\">\n<figure class=\"aligncenter size-full\"><a href=\"https:\/\/www.change.org\/p\/stop-%C3%A0-la-discrimination-des-coll%C3%A9giens-lyonnais-de-l-enseignement-catholique\"><img loading=\"lazy\" decoding=\"async\" width=\"702\" height=\"90\" src=\"https:\/\/www.afc69.fr\/wp-content\/uploads\/2026\/01\/image-27.png\" alt=\"\" class=\"wp-image-16931\" srcset=\"https:\/\/www.afc69.fr\/wp-content\/uploads\/2026\/01\/image-27.png 702w, https:\/\/www.afc69.fr\/wp-content\/uploads\/2026\/01\/image-27-300x38.png 300w, https:\/\/www.afc69.fr\/wp-content\/uploads\/2026\/01\/image-27-500x64.png 500w\" sizes=\"auto, (max-width: 702px) 100vw, 702px\" \/><\/a><\/figure>\n<\/div>\n\n\n<h2 class=\"wp-block-heading\">Le probl\u00e8me<\/h2>\n\n\n\n<p><strong>M\u00caMES IMP\u00d4TS, MOINS DE DROITS !<br>C&rsquo;est injuste. C&rsquo;est ill\u00e9gal. \u00c7a doit cesser.<\/strong><\/p>\n\n\n\n<p>Pour 2026, la M\u00e9tropole de Lyon a d\u00e9cid\u00e9 de couper de 44,5 % le financement des coll\u00e8ges catholiques de son territoire. Des milliers de familles et d&rsquo;\u00e9l\u00e8ves sont directement touch\u00e9s. Malgr\u00e9 ce que la m\u00e9tropole laisse croire, cette baisse ne sera pas appliqu\u00e9e aux \u00e9tablissements publics qui ont \u00e9t\u00e9 dot\u00e9s ant\u00e9rieurement de r\u00e9serves.<\/p>\n\n\n\n<p><strong>Pourquoi c&rsquo;est grave ?<\/strong><br><strong>Pour les familles :<\/strong>&nbsp;Cette coupe brutale va se traduire par une hausse des frais de scolarit\u00e9 \u00e0 hauteur de 140 \u20ac par \u00e9l\u00e8ve par an, sans compter les 450 \u20ac d\u00e9j\u00e0 imput\u00e9s aux familles au niveau national.&nbsp;<br>Pour 2026, la M\u00e9tropole de Lyon d\u00e9pensera 416,34 \u20ac pour chaque coll\u00e9gien de l&rsquo;enseignement priv\u00e9 sous contrat. Dans la Haute-Loire, la Ni\u00e8vre, les Ardennes ou le Val-de-Marne, ce sera plus du double !<\/p>\n\n\n\n<p>Les familles modestes et moyennes devront choisir entre se restreindre financi\u00e8rement ou retirer leurs enfants de leur coll\u00e8ge.<\/p>\n\n\n\n<p><strong>Pour les \u00e9l\u00e8ves :<\/strong>&nbsp;Moins d&rsquo;argent, c&rsquo;est moins d&rsquo;\u00e9quipements, moins de sorties p\u00e9dagogiques, moins de moyens pour accompagner chaque enfant. Des milliers de coll\u00e9giens vont voir leurs conditions d&rsquo;apprentissage se d\u00e9grader du jour au lendemain.<\/p>\n\n\n\n<p><strong>Pour l&rsquo;\u00e9galit\u00e9 :<\/strong>&nbsp;Les familles qui ont leurs enfants dans un coll\u00e8ge catholique paient les m\u00eames imp\u00f4ts locaux que les autres. Pourtant, avec cette baisse, leurs enfants recevront moiti\u00e9 moins de financement public qu&rsquo;un \u00e9l\u00e8ve du coll\u00e8ge public voisin.<\/p>\n\n\n\n<p><strong>Pourquoi c&rsquo;est ill\u00e9gal ?<\/strong><br>Depuis 1959, la loi impose aux collectivit\u00e9s de financer \u00e0 parit\u00e9 les \u00e9l\u00e8ves du public et du priv\u00e9 sous contrat. Les coll\u00e8ges catholiques suivent les programmes nationaux, leurs enseignants sont pay\u00e9s par l&rsquo;\u00c9tat, ils sont contr\u00f4l\u00e9s par l&rsquo;\u00c9ducation nationale. Ils assurent une mission de service public.<br>Il ne s\u2019agit pas d\u2019un financement global de l\u2019enseignement priv\u00e9, mais uniquement du forfait d\u2019externat express\u00e9ment pr\u00e9vu par la loi, qui comprend les charges de fonctionnement.<\/p>\n\n\n\n<p>R\u00e9duire leur financement de 44,5 % sans justification est une violation de la loi et une rupture d&rsquo;\u00e9galit\u00e9 entre citoyens.<\/p>\n\n\n\n<p><strong>Ce que nous demandons<\/strong><br>Nous demandons \u00e0 la M\u00e9tropole de Lyon d&rsquo;annuler cette baisse et de respecter ses obligations l\u00e9gales.<\/p>\n\n\n\n<p>Un recours juridique est en cours, mais en attendant, des milliers de familles sont dans l&rsquo;angoisse.&nbsp;<\/p>\n\n\n\n<p><strong>Pourquoi cette p\u00e9tition ?<\/strong><br><strong>Parce que c&rsquo;est une question de justice :<\/strong>&nbsp;des familles qui paient leurs imp\u00f4ts comme tout le monde voient leurs enfants discrimin\u00e9s.<\/p>\n\n\n\n<p><strong>Parce que c&rsquo;est une question de respect de la loi :<\/strong>&nbsp;on ne peut pas laisser une collectivit\u00e9 violer la loi en toute impunit\u00e9.<\/p>\n\n\n\n<p>Parce que demain, \u00e7a pourrait concerner d&rsquo;autres territoires : si on laisse faire, d&rsquo;autres collectivit\u00e9s suivront.<\/p>\n\n\n\n<p><em>Cette p\u00e9tition est lanc\u00e9e \u00e0 l\u2019initiative de l\u2019UNIOGEC Rh\u00f4ne-Roannais et de l\u2019APEL du Rh\u00f4ne.<\/em><\/p>\n","protected":false},"excerpt":{"rendered":"<p>Le probl\u00e8me M\u00caMES IMP\u00d4TS, MOINS DE DROITS !C&rsquo;est injuste. C&rsquo;est ill\u00e9gal. \u00c7a doit cesser. Pour 2026, la M\u00e9tropole de Lyon a d\u00e9cid\u00e9 de couper de 44,5 % le financement des coll\u00e8ges catholiques de son territoire. Des milliers de familles et &hellip; <a href=\"https:\/\/www.afc69.fr\/?p=16928\">Continuer la lecture <span class=\"meta-nav\">&rarr;<\/span><\/a><\/p>\n","protected":false},"author":2,"featured_media":16929,"comment_status":"open","ping_status":"open","sticky":false,"template":"","format":"standard","meta":{"footnotes":""},"categories":[27,62],"tags":[],"class_list":["post-16928","post","type-post","status-publish","format-standard","has-post-thumbnail","hentry","category-chantiers-education","category-federation-du-rhone"],"_links":{"self":[{"href":"https:\/\/www.afc69.fr\/index.php?rest_route=\/wp\/v2\/posts\/16928","targetHints":{"allow":["GET"]}}],"collection":[{"href":"https:\/\/www.afc69.fr\/index.php?rest_route=\/wp\/v2\/posts"}],"about":[{"href":"https:\/\/www.afc69.fr\/index.php?rest_route=\/wp\/v2\/types\/post"}],"author":[{"embeddable":true,"href":"https:\/\/www.afc69.fr\/index.php?rest_route=\/wp\/v2\/users\/2"}],"replies":[{"embeddable":true,"href":"https:\/\/www.afc69.fr\/index.php?rest_route=%2Fwp%2Fv2%2Fcomments&post=16928"}],"version-history":[{"count":2,"href":"https:\/\/www.afc69.fr\/index.php?rest_route=\/wp\/v2\/posts\/16928\/revisions"}],"predecessor-version":[{"id":16933,"href":"https:\/\/www.afc69.fr\/index.php?rest_route=\/wp\/v2\/posts\/16928\/revisions\/16933"}],"wp:featuredmedia":[{"embeddable":true,"href":"https:\/\/www.afc69.fr\/index.php?rest_route=\/wp\/v2\/media\/16929"}],"wp:attachment":[{"href":"https:\/\/www.afc69.fr\/index.php?rest_route=%2Fwp%2Fv2%2Fmedia&parent=16928"}],"wp:term":[{"taxonomy":"category","embeddable":true,"href":"https:\/\/www.afc69.fr\/index.php?rest_route=%2Fwp%2Fv2%2Fcategories&post=16928"},{"taxonomy":"post_tag","embeddable":true,"href":"https:\/\/www.afc69.fr\/index.php?rest_route=%2Fwp%2Fv2%2Ftags&post=16928"}],"curies":[{"name":"wp","href":"https:\/\/api.w.org\/{rel}","templated":true}]}}