{"id":16144,"date":"2025-10-03T16:59:43","date_gmt":"2025-10-03T15:59:43","guid":{"rendered":"https:\/\/www.afc69.fr\/?p=16144"},"modified":"2025-10-03T13:30:33","modified_gmt":"2025-10-03T12:30:33","slug":"education-sexuelle-a-lecole-le-recours-des-afc","status":"publish","type":"post","link":"https:\/\/www.afc69.fr\/?p=16144","title":{"rendered":"COMMUNIQUE DE PRESSE DE LA CNAFC &#8211; \u00c9DUCATION SEXUELLE A L&rsquo;ECOLE : LE RECOURS DES AFC."},"content":{"rendered":"<div class=\"wp-block-image\">\n<figure class=\"aligncenter size-large\"><a href=\"https:\/\/www.afc-france.org\/actualites\/evars-recours\/\"><img loading=\"lazy\" decoding=\"async\" width=\"1024\" height=\"637\" src=\"https:\/\/www.afc69.fr\/wp-content\/uploads\/2025\/09\/image-99-1024x637.png\" alt=\"\" class=\"wp-image-16147\" srcset=\"https:\/\/www.afc69.fr\/wp-content\/uploads\/2025\/09\/image-99-1024x637.png 1024w, https:\/\/www.afc69.fr\/wp-content\/uploads\/2025\/09\/image-99-300x186.png 300w, https:\/\/www.afc69.fr\/wp-content\/uploads\/2025\/09\/image-99-768x477.png 768w, https:\/\/www.afc69.fr\/wp-content\/uploads\/2025\/09\/image-99-483x300.png 483w, https:\/\/www.afc69.fr\/wp-content\/uploads\/2025\/09\/image-99.png 1110w\" sizes=\"auto, (max-width: 1024px) 100vw, 1024px\" \/><\/a><\/figure>\n<\/div>\n\n\n<p class=\"has-text-align-center\"><strong>Les AFC d\u00e9posent un recours devant le Conseil d\u2019\u00c9tat, portant sur le programme obligatoire d\u2019\u00c9ducation \u00e0 la Vie Affective et Relationnelle et \u00e0 la Sexualit\u00e9 (EVARS). Retrouvez notre communiqu\u00e9 de presse.<\/strong><\/p>\n\n\n\n<p>La Conf\u00e9d\u00e9ration Nationale des AFC ont d\u00e9pos\u00e9 vendredi 26 septembre un recours devant le Conseil d\u2019\u00c9tat, portant sur le programme obligatoire d\u2019\u00c9ducation \u00e0 la Vie Affective et Relationnelle et \u00e0 la Sexualit\u00e9 (EVARS) \u00e0 l\u2019\u00e9cole.<\/p>\n\n\n\n<p>Le contenu du recours vise \u00e0 :<\/p>\n\n\n\n<ul class=\"wp-block-list\">\n<li>\u00ad<strong>Clarifier la place des parents dans le programme\u00a0<\/strong>en les distinguant des \u00ab adultes de confiance \u00bb ;<\/li>\n\n\n\n<li><strong>\u00adOrganiser une rencontre entre parents d\u2019\u00e9l\u00e8ves et enseignants<\/strong>\u00a0sous l\u2019\u00e9gide du chef d\u2019\u00e9tablissement. La largeur des champs couverts par le programme n\u00e9cessitant de faire des choix, cette rencontre permettrait de s\u2019accorder sur le contenu des s\u00e9ances, les intervenants et le calendrier.<\/li>\n<\/ul>\n\n\n\n<p>La CNAFC rappelle que les parents sont les premiers et principaux \u00e9ducateurs de leurs enfants et que l\u2019\u00c9ducation Nationale ne peut se substituer \u00e0 eux dans des domaines relevant de l\u2019intime.<\/p>\n\n\n\n<p>Ces modalit\u00e9s compl\u00e9mentaires visent \u00e0 redonner de la s\u00e9r\u00e9nit\u00e9 dans les relations entre parents et enseignants, dans un contexte de forte d\u00e9gradation de celles-ci.<\/p>\n\n\n<div class=\"wp-block-image\">\n<figure class=\"aligncenter size-full\"><a href=\"https:\/\/afc-france.org\/wp-content\/uploads\/2025\/09\/Communique_de_Presse_depot-recours-Conseil-Etat-EVARS_VF.pdf\"><img loading=\"lazy\" decoding=\"async\" width=\"441\" height=\"77\" src=\"https:\/\/www.afc69.fr\/wp-content\/uploads\/2025\/09\/image-100.png\" alt=\"\" class=\"wp-image-16148\" srcset=\"https:\/\/www.afc69.fr\/wp-content\/uploads\/2025\/09\/image-100.png 441w, https:\/\/www.afc69.fr\/wp-content\/uploads\/2025\/09\/image-100-300x52.png 300w\" sizes=\"auto, (max-width: 441px) 100vw, 441px\" \/><\/a><\/figure>\n<\/div>\n\n\n<h2 class=\"wp-block-heading\">Pour une vraie \u00e9ducation \u00e0 l\u2019amour, les AFC agissent !<\/h2>\n\n\n\n<p><strong>En repr\u00e9sentant les familles dans la soci\u00e9t\u00e9&nbsp;<\/strong><\/p>\n\n\n\n<ul class=\"wp-block-list\">\n<li><strong>Les AFC ont d\u00e9pos\u00e9 un recours au Conseil d\u2019Etat\u00a0<\/strong>afin que les \u00e9tablissements scolaires consultent les repr\u00e9sentants des parents d\u2019\u00e9l\u00e8ves. Ceux-ci devraient pouvoir choisir parmi la multiplicit\u00e9 des sujets \u00e0 aborder, les th\u00e8mes trait\u00e9s dans chaque classe, sous quelle forme et avec quels intervenants. Notre d\u00e9marche vise \u00e0 rendre effective la compl\u00e9mentarit\u00e9 avec \u00ab le r\u00f4le des parents et des familles \u00bb mentionn\u00e9e dans le programme.<\/li>\n\n\n\n<li><strong>Les AFC portent la voix des famille aupr\u00e8s du minist\u00e8re de l\u2019\u00c9ducation Nationale,<\/strong>\u00a0(rendez-vous en avril 2025).<\/li>\n\n\n\n<li>Les AFC ont \u00e9crit une\u00a0<strong>lettre ouverte \u00e0 la Ministre de l\u2019\u00c9ducation Nationale<\/strong>,\u00a0<a href=\"https:\/\/www.afc-france.org\/actualites\/evars-lettre-ouverte\/\">\u00ab\u00a0Parents invisibles, enfants en danger\u00a0\u00bb<\/a>\u00a0pour alerter sur l\u2019invisibilisation des parents dans le programme EVARS, l\u2019omnipr\u00e9sence du genre, et l\u2019instrumentalisation des \u00e9motions, en novembre dernier.<\/li>\n<\/ul>\n\n\n\n<p><strong>En proposant des ressources aux familles pour les soutenir dans l\u2019\u00e9ducation affective, relationnelle et sexuelle de leurs enfants :<\/strong><\/p>\n\n\n\n<ul class=\"wp-block-list\">\n<li>Les AFC ont propos\u00e9 une visioconf\u00e9rence \u00e0 destination des parents (en replay sur notre cha\u00eene YouTube) :\u00a0<a href=\"https:\/\/www.youtube.com\/live\/PunrfT5Ze8s?feature=shared\">EVARS, que peuvent faire les parents ?<\/a><\/li>\n\n\n\n<li>L<strong>es formations\u00a0<a href=\"https:\/\/www.afc-france.org\/les-afc\/ears-grandir-et-aimer\/\">Grandir et Aimer<\/a>\u00a0<\/strong>permettent depuis 2018 \u00e0 des parents de se former en EARS pour intervenir aupr\u00e8s d\u2019enfants de 8 \u00e0 12 ans et r\u00e9pondre \u00e0 leurs interrogations. 1640 enfants en ont d\u00e9j\u00e0 b\u00e9n\u00e9fici\u00e9 !<\/li>\n\n\n\n<li><strong>Les AFC ont \u00e9dit\u00e9 un livret<\/strong>\u00a0\u00e0 destination des parents :\u00a0<a href=\"https:\/\/www.afc-france.org\/protection-enfance\/nouvelle-brochure-des-afc-pornographie\/\">12 questions \u00e0 se poser sur la pornographie<\/a>.<\/li>\n\n\n\n<li><strong>Le<a href=\"https:\/\/editions-salvator.com\/11964-lucas-et-lea-le-cours-de-la-vie-lucas-a-loccasion-de-son-9e-anniversaire-interroge-ses-parents-sur-sa-venue-au-monde-a-travers-l.html\">\u00a0livre Lucas et L\u00e9a,<\/a><\/strong>\u00a0qui permet aux parents d\u2019aborder simplement le th\u00e8me de la transmission de la vie, de la conception \u00e0 la naissance, avec ses enfants.<\/li>\n\n\n\n<li><strong>Avec\u00a0<a href=\"https:\/\/www.afc-france.org\/nos-services\/webserie-le-cours-de-la-vie\/\">Lucas et L\u00e9a, le cours de la vie<\/a>\u00a0est une webs\u00e9rie p\u00e9dagogique<\/strong>\u00a0sur l\u2019EARS destin\u00e9e aux enfants (\u00e0 partir de 8 ans) et \u00e0 leurs parents.<\/li>\n<\/ul>\n\n\n\n<p><strong>Pour donner plus d\u2019ampleur \u00e0 nos actions soutenez-nous en faisant un&nbsp;<a href=\"https:\/\/felix.afc-france.org\/don??utm_campaign=article_EVARS\">don<\/a>.<\/strong><\/p>\n","protected":false},"excerpt":{"rendered":"<p>Les AFC d\u00e9posent un recours devant le Conseil d\u2019\u00c9tat, portant sur le programme obligatoire d\u2019\u00c9ducation \u00e0 la Vie Affective et Relationnelle et \u00e0 la Sexualit\u00e9 (EVARS). Retrouvez notre communiqu\u00e9 de presse. La Conf\u00e9d\u00e9ration Nationale des AFC ont d\u00e9pos\u00e9 vendredi 26 &hellip; <a href=\"https:\/\/www.afc69.fr\/?p=16144\">Continuer la lecture <span class=\"meta-nav\">&rarr;<\/span><\/a><\/p>\n","protected":false},"author":2,"featured_media":16147,"comment_status":"open","ping_status":"open","sticky":false,"template":"","format":"standard","meta":{"footnotes":""},"categories":[6,4,5,2,21,27],"tags":[],"class_list":["post-16144","post","type-post","status-publish","format-standard","has-post-thumbnail","hentry","category-presquile","category-rivegauche","category-irenee","category-vianney","category-_villefranche","category-chantiers-education"],"_links":{"self":[{"href":"https:\/\/www.afc69.fr\/index.php?rest_route=\/wp\/v2\/posts\/16144","targetHints":{"allow":["GET"]}}],"collection":[{"href":"https:\/\/www.afc69.fr\/index.php?rest_route=\/wp\/v2\/posts"}],"about":[{"href":"https:\/\/www.afc69.fr\/index.php?rest_route=\/wp\/v2\/types\/post"}],"author":[{"embeddable":true,"href":"https:\/\/www.afc69.fr\/index.php?rest_route=\/wp\/v2\/users\/2"}],"replies":[{"embeddable":true,"href":"https:\/\/www.afc69.fr\/index.php?rest_route=%2Fwp%2Fv2%2Fcomments&post=16144"}],"version-history":[{"count":3,"href":"https:\/\/www.afc69.fr\/index.php?rest_route=\/wp\/v2\/posts\/16144\/revisions"}],"predecessor-version":[{"id":16208,"href":"https:\/\/www.afc69.fr\/index.php?rest_route=\/wp\/v2\/posts\/16144\/revisions\/16208"}],"wp:featuredmedia":[{"embeddable":true,"href":"https:\/\/www.afc69.fr\/index.php?rest_route=\/wp\/v2\/media\/16147"}],"wp:attachment":[{"href":"https:\/\/www.afc69.fr\/index.php?rest_route=%2Fwp%2Fv2%2Fmedia&parent=16144"}],"wp:term":[{"taxonomy":"category","embeddable":true,"href":"https:\/\/www.afc69.fr\/index.php?rest_route=%2Fwp%2Fv2%2Fcategories&post=16144"},{"taxonomy":"post_tag","embeddable":true,"href":"https:\/\/www.afc69.fr\/index.php?rest_route=%2Fwp%2Fv2%2Ftags&post=16144"}],"curies":[{"name":"wp","href":"https:\/\/api.w.org\/{rel}","templated":true}]}}