{"id":16087,"date":"2025-09-26T16:35:03","date_gmt":"2025-09-26T15:35:03","guid":{"rendered":"https:\/\/www.afc69.fr\/?p=16087"},"modified":"2025-09-29T13:38:35","modified_gmt":"2025-09-29T12:38:35","slug":"article-cnafc-tik-tok-pinte-du-doigt-pour-ses-effets-nocifs-sur-les-mineurs","status":"publish","type":"post","link":"https:\/\/www.afc69.fr\/?p=16087","title":{"rendered":"(ARTICLE CNAFC) TIK TOK POINTE DU DOIGT POUR SES EFFETS NOCIFS SUR LES MINEURS."},"content":{"rendered":"<div class=\"wp-block-image\">\n<figure class=\"aligncenter size-large is-resized\"><a href=\"https:\/\/www.afc-france.org\/actualites\/rapport-tiktok\/\"><img loading=\"lazy\" decoding=\"async\" width=\"1024\" height=\"637\" src=\"https:\/\/www.afc69.fr\/wp-content\/uploads\/2025\/09\/image-82-1024x637.png\" alt=\"\" class=\"wp-image-16088\" style=\"width:428px;height:auto\" srcset=\"https:\/\/www.afc69.fr\/wp-content\/uploads\/2025\/09\/image-82-1024x637.png 1024w, https:\/\/www.afc69.fr\/wp-content\/uploads\/2025\/09\/image-82-300x186.png 300w, https:\/\/www.afc69.fr\/wp-content\/uploads\/2025\/09\/image-82-768x477.png 768w, https:\/\/www.afc69.fr\/wp-content\/uploads\/2025\/09\/image-82-483x300.png 483w, https:\/\/www.afc69.fr\/wp-content\/uploads\/2025\/09\/image-82.png 1110w\" sizes=\"auto, (max-width: 1024px) 100vw, 1024px\" \/><\/a><\/figure>\n<\/div>\n\n\n<p class=\"has-text-align-center\"><strong>Le 11 septembre, la commission d\u2019enqu\u00eate portant sur \u00ab les effets psychologiques de TikTok sur les mineurs \u00bb de l\u2019Assembl\u00e9e nationale a publi\u00e9 son rapport. Que contient-il ?<\/strong><\/p>\n\n\n\n<h3 class=\"wp-block-heading\">Une prise de conscience collective des dangers de TikTok<\/h3>\n\n\n\n<p>D\u00e9but\u00e9e en mars 2025, cette commission d\u2019enqu\u00eate avait pour mission d\u2019\u00e9tudier les m\u00e9canismes de captation de l\u2019attention du r\u00e9seau social et ses cons\u00e9quences sur le bien-\u00eatre psychologique et le d\u00e9veloppement cognitif des jeunes mineurs. Ce r\u00e9seau social d\u2019origine chinoise est le plus populaire chez les jeunes (63% des utilisateurs ont moins de 24 ans) et fonctionne via la diffusion infinie de courtes vid\u00e9os.&nbsp; Les membres de la commission d\u2019enqu\u00eate ont men\u00e9 de nombreuses auditions de sp\u00e9cialistes, d\u2019influenceurs, de repr\u00e9sentants de plusieurs plateformes dont TikTok et des victimes de cette derni\u00e8re afin de nourrir leurs recommandations. Une consultation publique citoyenne particuli\u00e8rement productive (30 000 r\u00e9ponses dont presque 19 000 venant de lyc\u00e9ens) a permis d\u2019enrichir la r\u00e9flexion des d\u00e9put\u00e9s.<\/p>\n\n\n\n<p>Le rapport est sans appel&nbsp;: le mod\u00e8le TikTok est tr\u00e8s n\u00e9faste pour les mineurs. Dans son avant-propos, le pr\u00e9sident de la commission d\u2019enqu\u00eate, Arthur Delaporte, a tenu \u00e0 d\u00e9dier ce rapport aux victimes auditionn\u00e9es le 15 mai 2025.<\/p>\n\n\n\n<h3 class=\"wp-block-heading\">Quelques chiffres<\/h3>\n\n\n\n<p>Avec 27,8 millions d\u2019utilisateurs, la France est le plus gros march\u00e9 en Europe pour TikTok. M\u00eame si depuis le confinement le nombre de s\u00e9niors ne cessent de croitre, 63% des utilisateurs de ce r\u00e9seau social ont moins de 24 ans. L\u2019inscription aux r\u00e9seaux sociaux est th\u00e9oriquement interdite aux mineurs de moins de 13 ans.<\/p>\n\n\n\n<p>L\u2019algorithme des contenus s\u2019adapte aux pr\u00e9f\u00e9rences des utilisateurs, jusqu\u2019\u00e0 les enfermer dans des sch\u00e9mas uniques et sans nuances. Apr\u00e8s seulement quelques minutes d\u2019utilisation il est possible de visionner des vid\u00e9os violentes, racistes, antis\u00e9mites ou sexistes. De plus, le harc\u00e8lement moral et les commentaires haineux peuvent engendrer l\u2019alt\u00e9ration de la sant\u00e9 mentale et aller jusqu\u2019\u00e0 des actes irr\u00e9versibles et tragiques. La commission d\u2019enqu\u00eate r\u00e9v\u00e8le \u00e9galement la pr\u00e9sence de la p\u00e9docriminalit\u00e9 et le d\u00e9tournement d\u2019images d\u2019enfants. Selon l\u2019Office anti-cybercriminalit\u00e9 (OAFC), entre janvier et mai 2025 l\u2019atteinte aux mineurs repr\u00e9sentait 7,5% de l\u2019ensemble des signalements contre 3,15% en 2024.<\/p>\n\n\n\n<p>Les chiffres sont formels&nbsp;: la d\u00e9t\u00e9rioration de la sant\u00e9 mentale est g\u00e9n\u00e9rale et pr\u00e9occupante et touche plus les filles. Un lyc\u00e9en sur dix d\u00e9clare d\u00e9j\u00e0 avoir fait une tentative de suicide, 13% des enfants scolaris\u00e9s \u00e2g\u00e9s de 6 \u00e0 11 ans auraient au moins un trouble probable de sant\u00e9 mentale et 8,3% des enfants de 3 \u00e0 6 ans ont une difficult\u00e9 probable. Entre 2019 et 2023, on observe une augmentation de 60% des traitements par antid\u00e9presseurs chez les jeunes de 12-25 ans.<\/p>\n\n\n\n<p>A l\u2019heure o\u00f9 les jeunes s\u2019informent principalement via les r\u00e9seaux sociaux, TikTok est une source de d\u00e9sinformation massive. En mai dernier, une enqu\u00eate du m\u00e9dia The Guardian montrait que plus de la moiti\u00e9 des 100 contenus TikTok les plus visionn\u00e9s sous l\u2019hashtag \u00ab&nbsp;mentalhealthtips&nbsp;\u00bb (astuces de sant\u00e9 mentale) contenait de la d\u00e9sinformation.<\/p>\n\n\n\n<h3 class=\"wp-block-heading\">Un mod\u00e8le \u00e9conomique opaque et peu protecteur pour les mineurs<\/h3>\n\n\n\n<p>En 2024, le chiffre d\u2019affaires mondial de TikTok \u00e9tait de 39 milliards de dollars (+63% par rapport \u00e0 2023). Le mod\u00e8le \u00e9conomique de TikTok repose sur l\u2019\u00e9conomie de l\u2019attention, qualifi\u00e9e en 2022 par le Conseil national du num\u00e9rique comme \u00ab&nbsp;un ensemble de dispositifs mis en \u0153uvre afin d\u2019extraire une valeur marchande \u00e0 partir de la captation de l\u2019attention des utilisateurs&nbsp;\u00bb. Coupl\u00e9e \u00e0 l\u2019\u00e9conomie de la donn\u00e9e, la majorit\u00e9 des revenus de TikTok est issue de la publicit\u00e9. Le profilage des utilisateurs par TikTok est tr\u00e8s efficace, \u00e0 tel point que les sp\u00e9cialistes estiment qu\u2019il est possible d\u2019anticiper leurs int\u00e9r\u00eats et comportements. Le Conseil national du num\u00e9rique parle m\u00eame d\u2019une \u00e9conomie de la manipulation.<\/p>\n\n\n\n<p>Les contenus clivants sont susceptibles d\u2019obtenir plus d\u2019engagement des utilisateurs et donc d\u2019\u00eatre plus mis en avant par les algorithmes. De ce fait l\u2019int\u00e9r\u00eat \u00e9conomique ne prot\u00e8ge pas les jeunes utilisateurs. La notion de l\u2019argent est m\u00eame transform\u00e9e avec la possibilit\u00e9 de donner aux influenceurs des cadeaux virtuels lors des lives (diffusion d\u2019un contenu en direct o\u00f9 l\u2019influenceur peut communiquer plus directement avec sa communaut\u00e9).<\/p>\n\n\n\n<p>Cependant, le rapport de la commission d\u2019enqu\u00eate indique qu\u2019il n\u2019a pas \u00e9t\u00e9 possible de d\u00e9terminer avec pr\u00e9cision le mod\u00e8le \u00e9conomique de la plateforme chinoise. Cette derni\u00e8re est critiqu\u00e9e pour son manque de transparence sur certaines informations \u00e9conomiques, dont la r\u00e9partition de ses revenus.&nbsp; La qualit\u00e9 des r\u00e9ponses apport\u00e9es par TikTok sur son fonctionnement \u00e9conomique a \u00e9t\u00e9 consid\u00e9r\u00e9e \u00ab&nbsp;aux mieux \u00e9vasive, et au pire insinc\u00e8re&nbsp;\u00bb. Malgr\u00e9 cela, le rapport conclut formellement que le profit \u00e9conomique est la motivation premi\u00e8re de l\u2019entreprise, au d\u00e9pend du bien-\u00eatre des utilisateurs.<\/p>\n\n\n\n<h3 class=\"wp-block-heading\">La protection des mineurs passe par une r\u00e9gulation europ\u00e9enne forte<\/h3>\n\n\n\n<p>En vigueur depuis le 17 f\u00e9vrier 2024, le Digital Services Act (DSA) est aujourd\u2019hui le r\u00e8glement europ\u00e9en de r\u00e9f\u00e9rence pour la r\u00e9gulation des entreprises comme TikTok. Aujourd\u2019hui, TikTok semble ne pas respecter son article 28 qui stipule que les fournisseurs de plateformes en ligne accessibles aux mineurs ont l\u2019obligation de \u00ab&nbsp;garantir un niveau \u00e9lev\u00e9 de protection de la vie priv\u00e9e, de s\u00fbret\u00e9 et de s\u00e9curit\u00e9 des mineurs sur leur service \u00bb.<\/p>\n\n\n\n<p>Face \u00e0 une mobilisation croissante des \u00c9tats europ\u00e9ens et surtout de la France, la Commission europ\u00e9enne a publi\u00e9, le 14 juillet 2025, de nouvelles lignes directrices sur les mesures visant \u00e0 garantir un niveau \u00e9lev\u00e9 de confidentialit\u00e9, de s\u00e9curit\u00e9 et de s\u00fbret\u00e9 pour les mineurs en ligne.<\/p>\n\n\n\n<h3 class=\"wp-block-heading\">Quel avenir pour la protection des mineurs ?<\/h3>\n\n\n\n<p>La principale pr\u00e9conisation des 43 recommandations est d\u2019interdire l\u2019acc\u00e8s aux r\u00e9seaux sociaux aux mineurs de moins de 15 ans contre 13 ans actuellement. Seules les simples messageries ne seraient pas concern\u00e9es par cette interdiction. Un changement de l\u00e9gislation doit se faire \u00e0 l\u2019\u00e9chelle europ\u00e9enne, et par d\u00e9faut \u00e0 travers le droit national. Cette mesure avait \u00e9t\u00e9 soutenue par de nombreux auditionn\u00e9s lors des travaux de la commission d\u2019enqu\u00eate, dont la ministre d\u00e9l\u00e9gu\u00e9e charg\u00e9e du Num\u00e9rique Clara Chappaz. Concernant les jeunes de 15 \u00e0 18 ans, un couvre-feu num\u00e9rique de 22h \u00e0 8h permettrait une utilisation raisonn\u00e9e des r\u00e9seaux sociaux.<\/p>\n\n\n\n<p>Les auditions ont r\u00e9v\u00e9l\u00e9 l\u2019effacement du r\u00f4le des parents dans l\u2019encadrement de l\u2019usage des r\u00e9seaux sociaux par leurs enfants. M\u00eame si parfois les parents reconnaissent que laisser les mineurs est une solution de facilit\u00e9 pour \u00ab&nbsp;avoir la paix \u00e0 la maison&nbsp;\u00bb, il n\u2019en reste pas moins qu\u2019ils sont d\u00e9munis par les strat\u00e9gies de contournements des jeunes. Face \u00e0 cette situation qui abime l\u2019autorit\u00e9 parentale et fragilise les relations sociales, la commission d\u2019enqu\u00eate soutient la cr\u00e9ation d\u2019un d\u00e9lit de n\u00e9gligence num\u00e9rique dans le code p\u00e9nal en cas de manquements graves des parents dans la protection de leurs enfants. Au pr\u00e9alable de cette proposition, il y aurait la mise en place d\u2019une campagne d\u2019information massive sur les risques li\u00e9s \u00e0 l\u2019utilisation des r\u00e9seaux sociaux.<\/p>\n\n\n\n<p>Afin de diffuser les bonnes pratiques et sensibiliser sur les enjeux du num\u00e9rique, le rapport encourage la mise en place de s\u00e9ances d\u2019\u00e9ducation aux m\u00e9dias via l\u2019intervention d\u2019associations aupr\u00e8s des \u00e9l\u00e8ves. La communaut\u00e9 \u00e9ducative devrait \u00e9galement \u00eatre form\u00e9e syst\u00e9matiquement et r\u00e9guli\u00e8rement \u00e0 ces enjeux.<\/p>\n\n\n\n<h3 class=\"wp-block-heading\">Les recommandations pour le temps scolaire<\/h3>\n\n\n\n<p>Le temps scolaire, o\u00f9 les parents ne peuvent exercer un contr\u00f4le sur leur enfant, est \u00e0 repenser pour \u00e9viter toutes distractions n\u00e9gatives \u00e0 l\u2019apprentissage. En ce sens et d\u00e8s janvier prochain, la commission d\u2019enqu\u00eate est favorable \u00e0 l\u2019interdiction des t\u00e9l\u00e9phones portables dans les lyc\u00e9es. Il s\u2019agirait donc d\u2019une extension du dispositif \u00ab&nbsp;portable sur pause&nbsp;\u00bb qui a \u00e9t\u00e9 g\u00e9n\u00e9ralis\u00e9e lors de cette rentr\u00e9e scolaire avec le bannissement des t\u00e9l\u00e9phones dans les coll\u00e8ges publics.<\/p>\n\n\n\n<p>Alors que la surexposition aux \u00e9crans peut entrainer des difficult\u00e9s dans l\u2019apprentissage, les \u00e9tablissements scolaires se dotent de plus en plus d\u2019outils num\u00e9riques modernes. Face \u00e0 ce paradoxe, la commission d\u2019enqu\u00eate appelle \u00e0 une \u00e9valuation de l\u2019apport p\u00e9dagogique et \u00e9ducatif des outils et ressources num\u00e9riques. Elle encourage \u00e0 r\u00e9duire au strict n\u00e9cessaire leurs usages.<\/p>\n\n\n\n<p>Conscient que l\u2019efficacit\u00e9 d\u2019une meilleure r\u00e9gulation des enjeux num\u00e9riques passe par l\u2019\u00e9chelle europ\u00e9enne, la commission d\u2019enqu\u00eate enjoint le Conseil de l\u2019Union europ\u00e9enne \u00e0 accorder plus de moyens financiers et humains pour faire respecter le r\u00e8glement du Digital Services Act (DSA). En France, l\u2019Arcom est l\u2019agence charg\u00e9e d\u2019assurer le bon fonctionnement du DSA. Aujourd\u2019hui, une partie de l\u2019\u00e9chiquier politique fran\u00e7ais souhaite la suppression ou la modification de l\u2019Arcom.<\/p>\n\n\n\n<p>Les r\u00e9seaux sociaux, avec des algorithmes puissants et secrets, captent facilement l\u2019attention des mineurs. La commission d\u2019enqu\u00eate propose d\u2019instaurer dans le droit europ\u00e9en une obligation de pluralisme algorithmique qui suivrait celui du pluralisme des m\u00e9dias.<\/p>\n\n\n\n<h3 class=\"wp-block-heading\">En guise de conclusion<\/h3>\n\n\n\n<p>Cette commission d\u2019enqu\u00eate aura mis en lumi\u00e8re les dangers des r\u00e9seaux sociaux et sp\u00e9cialement de TikTok. L\u2019environnement des r\u00e9seaux sociaux et plus globalement du num\u00e9rique reste encore aujourd\u2019hui tr\u00e8s dangereux pour les mineurs (harc\u00e8lement, violence, pornographie, addiction\u2026). &nbsp;D\u00e8s la publication du rapport de la commission d\u2019enqu\u00eate, son pr\u00e9sident, le d\u00e9put\u00e9 Arthur Delaporte, a d\u00e9cid\u00e9 de saisir la Procureure de la R\u00e9publique contre TikTok pour manquements \u00e0 ses obligations.<\/p>\n\n\n\n<p>Il est imp\u00e9ratif que l\u2019\u00c9tat s\u2019investisse davantage, tout en appelant \u00e0 la bonne intelligence de toutes les parties prenantes. La CNAFC reste attentive et mobilis\u00e9e sur ce sujet d\u2019importance cruciale pour prot\u00e9ger les jeunes et les familles, cellules vitales de la soci\u00e9t\u00e9. Elle a notamment publi\u00e9&nbsp;<a href=\"https:\/\/www.afc-france.org\/education\/reseaux-sociaux-et-les-jeunes\/\">12 questions \u00e0 se poser sur les r\u00e9seaux sociaux<\/a>&nbsp;pour accompagner les parents.<\/p>\n\n\n\n<p><a href=\"https:\/\/www.afc-france.org\/actualites\/rapport-tiktok\/\">TikTok point\u00e9 du doigt pour ses effets nocifs sur les mineurs<\/a><\/p>\n","protected":false},"excerpt":{"rendered":"<p>Le 11 septembre, la commission d\u2019enqu\u00eate portant sur \u00ab les effets psychologiques de TikTok sur les mineurs \u00bb de l\u2019Assembl\u00e9e nationale a publi\u00e9 son rapport. Que contient-il ? Une prise de conscience collective des dangers de TikTok D\u00e9but\u00e9e en mars &hellip; <a href=\"https:\/\/www.afc69.fr\/?p=16087\">Continuer la lecture <span class=\"meta-nav\">&rarr;<\/span><\/a><\/p>\n","protected":false},"author":2,"featured_media":16088,"comment_status":"open","ping_status":"open","sticky":false,"template":"","format":"standard","meta":{"footnotes":""},"categories":[60,1],"tags":[],"class_list":["post-16087","post","type-post","status-publish","format-standard","has-post-thumbnail","hentry","category-communiques-de-presse","category-non-classe"],"_links":{"self":[{"href":"https:\/\/www.afc69.fr\/index.php?rest_route=\/wp\/v2\/posts\/16087","targetHints":{"allow":["GET"]}}],"collection":[{"href":"https:\/\/www.afc69.fr\/index.php?rest_route=\/wp\/v2\/posts"}],"about":[{"href":"https:\/\/www.afc69.fr\/index.php?rest_route=\/wp\/v2\/types\/post"}],"author":[{"embeddable":true,"href":"https:\/\/www.afc69.fr\/index.php?rest_route=\/wp\/v2\/users\/2"}],"replies":[{"embeddable":true,"href":"https:\/\/www.afc69.fr\/index.php?rest_route=%2Fwp%2Fv2%2Fcomments&post=16087"}],"version-history":[{"count":2,"href":"https:\/\/www.afc69.fr\/index.php?rest_route=\/wp\/v2\/posts\/16087\/revisions"}],"predecessor-version":[{"id":16156,"href":"https:\/\/www.afc69.fr\/index.php?rest_route=\/wp\/v2\/posts\/16087\/revisions\/16156"}],"wp:featuredmedia":[{"embeddable":true,"href":"https:\/\/www.afc69.fr\/index.php?rest_route=\/wp\/v2\/media\/16088"}],"wp:attachment":[{"href":"https:\/\/www.afc69.fr\/index.php?rest_route=%2Fwp%2Fv2%2Fmedia&parent=16087"}],"wp:term":[{"taxonomy":"category","embeddable":true,"href":"https:\/\/www.afc69.fr\/index.php?rest_route=%2Fwp%2Fv2%2Fcategories&post=16087"},{"taxonomy":"post_tag","embeddable":true,"href":"https:\/\/www.afc69.fr\/index.php?rest_route=%2Fwp%2Fv2%2Ftags&post=16087"}],"curies":[{"name":"wp","href":"https:\/\/api.w.org\/{rel}","templated":true}]}}