{"id":15778,"date":"2025-06-27T16:38:31","date_gmt":"2025-06-27T15:38:31","guid":{"rendered":"https:\/\/www.afc69.fr\/?p=15778"},"modified":"2025-06-27T13:36:16","modified_gmt":"2025-06-27T12:36:16","slug":"article-cnafc-nous-prenons-rendez-vous-dans-notre-agenda","status":"publish","type":"post","link":"https:\/\/www.afc69.fr\/?p=15778","title":{"rendered":"ARTICLE CNAFC \u00ab\u2009NOUS PRENONS RENDEZ-VOUS DANS NOTRE AGENDA\u00a0\u00bb"},"content":{"rendered":"<div class=\"wp-block-image\">\n<figure class=\"aligncenter size-full\"><a href=\"https:\/\/www.afc69.fr\/wp-content\/uploads\/2025\/06\/image-98.png\"><img loading=\"lazy\" decoding=\"async\" width=\"1024\" height=\"637\" src=\"https:\/\/www.afc69.fr\/wp-content\/uploads\/2025\/06\/image-98.png\" alt=\"\" class=\"wp-image-15779\" srcset=\"https:\/\/www.afc69.fr\/wp-content\/uploads\/2025\/06\/image-98.png 1024w, https:\/\/www.afc69.fr\/wp-content\/uploads\/2025\/06\/image-98-300x187.png 300w, https:\/\/www.afc69.fr\/wp-content\/uploads\/2025\/06\/image-98-768x478.png 768w, https:\/\/www.afc69.fr\/wp-content\/uploads\/2025\/06\/image-98-482x300.png 482w\" sizes=\"auto, (max-width: 1024px) 100vw, 1024px\" \/><\/a><\/figure>\n<\/div>\n\n\n<p>Ces deux-l\u00e0 sont mari\u00e9s depuis 25&nbsp;ans, et d\u00e9clarent s\u2019aimer \u00ab\u2009toujours autant\u2009\u00bb&nbsp;: \u00ab\u2009C\u2019est tous les jours les noces de Cana\u2009!\u2009\u00bb s\u2019exclame Jean-Marc, devant sa femme St\u00e9phanie. S\u2019ils t\u00e9moignent aujourd\u2019hui quand on le leur demande (ils l\u2019ont fait devant la cam\u00e9ra de Steven et Sabrina Gunnel, dans leur documentaire Une seule chair), c\u2019est pour exprimer combien leur conversion au Christ, il y a bient\u00f4t dix ans, a renouvel\u00e9 leur amour.<\/p>\n\n\n\n<p>Avec leur vie d\u2019avant, \u00ab\u2009y\u2019a pas photo\u2009\u00bb, affirment-ils&nbsp;: \u00ab\u2009D\u2019ailleurs, nos proches nous le disent\u2009\u00bb, reprend Jean-Marc. Parmi les changements, le temps de pri\u00e8re quotidien \u00e0 deux qu\u2019ils ont instaur\u00e9, pendant qu\u2019ils prennent leur petit d\u00e9jeuner&nbsp;: \u00ab\u2009La pri\u00e8re nous a permis d\u2019\u00eatre plus en v\u00e9rit\u00e9 l\u2019un avec l\u2019autre, r\u00e9fl\u00e9chit St\u00e9phanie. Sous le regard de Dieu, nous nous disons des choses que nous n\u2019aurions peut-\u00eatre pas os\u00e9 nous dire\u2009\u00bb. La vie sacramentelle les a aussi aid\u00e9s \u00e0 approfondir leur relation, remarque Jean-Marc&nbsp;: \u00ab\u2009Vivre le sacrement de l\u2019eucharistie et de la mis\u00e9ricorde est pr\u00e9cieux pour la vie de couple. Forc\u00e9ment, nous sommes p\u00e9cheurs, nous nous blessons parce que nous sommes diff\u00e9rents par nos origines, homme et femme. Nous avons bien besoin de la Mis\u00e9ricorde\u2009!\u2009\u00bb. Des habitudes nouvelles qui infusent toute la vie de famille&nbsp;: chez les Roux, parents et enfants sont attentifs \u00e0 se remercier ou \u00e0 se demander pardon, que ce soit lors de la pri\u00e8re familiale ou \u00e0 table&nbsp;: \u00ab\u2009\u00c7a renforce beaucoup nos liens\u2009\u00bb, observent-ils.<\/p>\n\n\n\n<p>Sur les conseils d\u2019un pr\u00eatre, ces tout juste quinquag\u00e9naires, parents de trois enfants de 10 \u00e0 25 ans ont pris l\u2019habitude d\u2019inscrire leurs rendez-vous \u00e0 deux dans leur agenda : \u00ab\u2009C\u2019est vital\u2009! On se donne tellement pour notre vie de famille ou pour nos boulots qu\u2019il nous faut absolument nous tenir \u00e0 ces moments pour entretenir notre couple\u2009\u00bb. Pas besoin d\u2019un programme extraordinaire pour s\u2019assurer un temps de qualit\u00e9&nbsp;: \u00ab\u2009Parfois, nous partons juste pour un pique-nique ou une balade\u2009\u00bb. S\u2019extraire d\u2019une vie de famille souvent agit\u00e9e ou bruyante ne veut pourtant pas forc\u00e9ment dire \u00ab\u2009passer son temps \u00e0 se parler\u2009\u00bb&nbsp;: \u00ab\u2009Parfois, on ne se dit rien, et \u00e7a fait aussi du bien&nbsp;: regarder la t\u00e9l\u00e9 rien que tous les deux, ou se prendre dans les bras l\u2019un de l\u2019autre ou faire une balade en silence, main dans la main, cela aussi fait grandir notre amour\u2009!\u2009\u00bb<\/p>\n\n\n\n<p>Bien s\u00fbr, \u00ab\u2009chaque couple sait ce qui est bon pour lui\u2009\u00bb, avertit Jean-Marc&nbsp;: \u00ab\u2009Il est bon de discuter en couple de ce dont nous avons besoin dans notre vie relationnelle, affective et sexuelle, en exprimant simplement ce que nous attendons l\u2019un de l\u2019autre, et ce qui nous rend heureux\u2009\u00bb. Mais il veut quand m\u00eame inviter les couples, notamment catholiques, \u00e0 \u00eatre prudents quant \u00e0 une tentation qui les guette parfois&nbsp;: le \u00ab\u2009surengagement\u2009\u00bb. Jean-Marc et St\u00e9phanie le savent, eux qui ont fait partie d\u2019une communaut\u00e9 nouvelle&nbsp;: \u00ab\u2009Nous finissions par \u00eatre pris en \u00e9tau entre notre d\u00e9sir missionnaire et notre vie de couple. Cela mettait de la discorde entre nous\u2009\u00bb. Il leur a fallu revoir les \u00e9quilibres&nbsp;: \u00ab\u2009Trouver le bon \u00e9quilibre demande du discernement et un bon dialogue\u2009\u00bb, recommandent-ils.<\/p>\n\n\n\n<p><a href=\"https:\/\/www.afc-france.org\/couple\/rendez-vous-agenda\/\">\u00ab\u2009Nous prenons rendez-vous dans notre agenda\u2009\u00bb<\/a><\/p>\n","protected":false},"excerpt":{"rendered":"<p>Ces deux-l\u00e0 sont mari\u00e9s depuis 25&nbsp;ans, et d\u00e9clarent s\u2019aimer \u00ab\u2009toujours autant\u2009\u00bb&nbsp;: \u00ab\u2009C\u2019est tous les jours les noces de Cana\u2009!\u2009\u00bb s\u2019exclame Jean-Marc, devant sa femme St\u00e9phanie. S\u2019ils t\u00e9moignent aujourd\u2019hui quand on le leur demande (ils l\u2019ont fait devant la cam\u00e9ra de &hellip; <a href=\"https:\/\/www.afc69.fr\/?p=15778\">Continuer la lecture <span class=\"meta-nav\">&rarr;<\/span><\/a><\/p>\n","protected":false},"author":2,"featured_media":15779,"comment_status":"open","ping_status":"open","sticky":false,"template":"","format":"standard","meta":{"footnotes":""},"categories":[27,60],"tags":[],"class_list":["post-15778","post","type-post","status-publish","format-standard","has-post-thumbnail","hentry","category-chantiers-education","category-communiques-de-presse"],"_links":{"self":[{"href":"https:\/\/www.afc69.fr\/index.php?rest_route=\/wp\/v2\/posts\/15778","targetHints":{"allow":["GET"]}}],"collection":[{"href":"https:\/\/www.afc69.fr\/index.php?rest_route=\/wp\/v2\/posts"}],"about":[{"href":"https:\/\/www.afc69.fr\/index.php?rest_route=\/wp\/v2\/types\/post"}],"author":[{"embeddable":true,"href":"https:\/\/www.afc69.fr\/index.php?rest_route=\/wp\/v2\/users\/2"}],"replies":[{"embeddable":true,"href":"https:\/\/www.afc69.fr\/index.php?rest_route=%2Fwp%2Fv2%2Fcomments&post=15778"}],"version-history":[{"count":1,"href":"https:\/\/www.afc69.fr\/index.php?rest_route=\/wp\/v2\/posts\/15778\/revisions"}],"predecessor-version":[{"id":15780,"href":"https:\/\/www.afc69.fr\/index.php?rest_route=\/wp\/v2\/posts\/15778\/revisions\/15780"}],"wp:featuredmedia":[{"embeddable":true,"href":"https:\/\/www.afc69.fr\/index.php?rest_route=\/wp\/v2\/media\/15779"}],"wp:attachment":[{"href":"https:\/\/www.afc69.fr\/index.php?rest_route=%2Fwp%2Fv2%2Fmedia&parent=15778"}],"wp:term":[{"taxonomy":"category","embeddable":true,"href":"https:\/\/www.afc69.fr\/index.php?rest_route=%2Fwp%2Fv2%2Fcategories&post=15778"},{"taxonomy":"post_tag","embeddable":true,"href":"https:\/\/www.afc69.fr\/index.php?rest_route=%2Fwp%2Fv2%2Ftags&post=15778"}],"curies":[{"name":"wp","href":"https:\/\/api.w.org\/{rel}","templated":true}]}}