{"id":15772,"date":"2025-06-27T16:40:22","date_gmt":"2025-06-27T15:40:22","guid":{"rendered":"https:\/\/www.afc69.fr\/?p=15772"},"modified":"2025-06-27T13:30:52","modified_gmt":"2025-06-27T12:30:52","slug":"chronique-des-afc-sur-rcf-pascale-moriniere-comment-parler-de-la-guerre-aux-enfants","status":"publish","type":"post","link":"https:\/\/www.afc69.fr\/?p=15772","title":{"rendered":"CHRONIQUE DES AFC SUR RCF &#8211; PASCALE MORINIERE \u00ab\u00a0COMMENT PARLER DE LA GUERRE AUX ENFANTS ?\u00a0\u00bb"},"content":{"rendered":"<div class=\"wp-block-image\">\n<figure class=\"aligncenter size-full\"><a href=\"https:\/\/www.rcf.fr\/articles\/points-de-vue\/pascale-moriniere-comment-parler-de-la-guerre-aux-enfants?fbclid=IwY2xjawLJNAtleHRuA2FlbQIxMQABHhuTJZrbdo-V4I1so5ITKajTz0M3NxVOjj76nlxKxUrhS9bK4zNT5JkrbW-r_aem_RROXnCbYYLfTD2RZGtwqsw\"><img loading=\"lazy\" decoding=\"async\" width=\"890\" height=\"500\" src=\"https:\/\/www.afc69.fr\/wp-content\/uploads\/2025\/06\/image-96.png\" alt=\"\" class=\"wp-image-15773\" srcset=\"https:\/\/www.afc69.fr\/wp-content\/uploads\/2025\/06\/image-96.png 890w, https:\/\/www.afc69.fr\/wp-content\/uploads\/2025\/06\/image-96-300x169.png 300w, https:\/\/www.afc69.fr\/wp-content\/uploads\/2025\/06\/image-96-768x431.png 768w, https:\/\/www.afc69.fr\/wp-content\/uploads\/2025\/06\/image-96-500x281.png 500w\" sizes=\"auto, (max-width: 890px) 100vw, 890px\" \/><\/a><\/figure>\n<\/div>\n\n\n<p class=\"has-text-align-left\"><strong>LA CHRONIQUE DES AFC<\/strong> &#8211; L&rsquo;actualit\u00e9 des derniers jours est \u00e9videmment marqu\u00e9e par la guerre au Moyen-Orient entre l&rsquo;Iran et Isra\u00ebl. Difficile de passer \u00e0 c\u00f4t\u00e9, m\u00eame pour des enfants. Mais comment leur en parler ? Comment leur en faire comprendre les enjeux ? C&rsquo;est la question que se pose Pascale Morini\u00e8re.<\/p>\n\n\n\n<p>Nos enfants sont des \u00e9ponges et qu\u2019ils captent facilement tout ce qui passe \u00e0 leur port\u00e9e : propos des adultes, bribes d\u2019\u00e9mission de radio ou images vues sur les \u00e9crans. Ces images peuvent \u00eatre particuli\u00e8rement violentes pour eux \u00e0 des \u00e2ges o\u00f9 les notions de r\u00e9el et d\u2019imaginaire sont encore confondues et o\u00f9 la distance semble abolie par l\u2019intrusion des vid\u00e9os dans la sph\u00e8re priv\u00e9e d\u2019o\u00f9 elles sont regard\u00e9es.<br><strong>Si \u00e0 partir de l\u2019\u00e2ge de 7-8 ans, on peut commencer \u00e0 donner des informations et des explications filtr\u00e9es aux enfants, ce n\u2019est pas du tout indispensable \u00e0 un \u00e2ge plus jeune.<\/strong>&nbsp;Savoir, pendant ces jeunes ann\u00e9es, que les figures tut\u00e9laires que sont les parents et les grands-parents veillent sur l\u2019univers et que rien ne peut arriver est un socle fondamental pour toute la vie. Ils auront bien le temps d\u2019apprendre que les choses ne sont pas si simples !<\/p>\n\n\n\n<h2 class=\"wp-block-heading\">Des enfants qui doivent \u00eatre \u00e9loign\u00e9s des \u00e9crans&#8230;<\/h2>\n\n\n\n<p>Je crois que l\u2019Etat est en droit et m\u00eame en devoir de rappeler des recommandations de sant\u00e9 publique comme le fait la ministre. Mais l\u2019Etat n\u2019est pas en droit de r\u00e9glementer ce qui se passe dans chaque foyer !&nbsp;<strong>De fait, l\u2019exposition aux \u00e9crans est n\u00e9faste pour les tout-petits.<\/strong>&nbsp;Il faut le redire. Et m\u00eame au-del\u00e0 de 3 ans, il est bien plus utile pour l\u2019\u00e9veil des petits de faire des jeux de manipulation, d\u2019imitation, des exercices physiques, d\u2019interagir avec d\u2019autres enfants, d\u2019\u00e9couter des histoires\u2026 que d\u2019\u00eatre fascin\u00e9s par un \u00e9cran.<\/p>\n\n\n\n<h2 class=\"wp-block-heading\">&#8230;mais qui doivent \u00eatre inform\u00e9s<\/h2>\n\n\n\n<p><strong>A partir du cours \u00e9l\u00e9mentaire, des informations courtes pourront \u00eatre donn\u00e9es \u00e0 l\u2019oral sans insister sur les aspects catastrophiques<\/strong>&nbsp;mais en en profitant pour regarder une carte, par exemple. Il vaut mieux que l\u2019enfant d\u00e9couvre une r\u00e9alit\u00e9 violente (guerre ou catastrophe naturelle) par des propos adapt\u00e9s \u00e0 son \u00e2ge que par le visionnage du 20h !<br>A partir de l\u2019\u00e2ge de 10 ans environ, il pourra \u00eatre abonn\u00e9 \u00e0 une revue adapt\u00e9e \u00e0 son \u00e2ge. Je pense par exemple \u00e0 l\u2019excellent bimensuel Actuailes (www.actuailes.fr) fait par des parents. Gratuit et t\u00e9l\u00e9chargeable sur le web il apporte une information de qualit\u00e9 sur des sujets tr\u00e8s vari\u00e9s qui seront l\u2019occasion d\u2019\u00e9changes en famille.&nbsp;<\/p>\n\n\n<div class=\"wp-block-image\">\n<figure class=\"aligncenter size-large\"><a href=\"https:\/\/www.rcf.fr\/points-de-vue\/la-chronique-des-afc\"><img loading=\"lazy\" decoding=\"async\" width=\"1024\" height=\"310\" src=\"https:\/\/www.afc69.fr\/wp-content\/uploads\/2025\/06\/image-97-1024x310.png\" alt=\"\" class=\"wp-image-15774\" srcset=\"https:\/\/www.afc69.fr\/wp-content\/uploads\/2025\/06\/image-97-1024x310.png 1024w, https:\/\/www.afc69.fr\/wp-content\/uploads\/2025\/06\/image-97-300x91.png 300w, https:\/\/www.afc69.fr\/wp-content\/uploads\/2025\/06\/image-97-768x233.png 768w, https:\/\/www.afc69.fr\/wp-content\/uploads\/2025\/06\/image-97-500x152.png 500w, https:\/\/www.afc69.fr\/wp-content\/uploads\/2025\/06\/image-97.png 1046w\" sizes=\"auto, (max-width: 1024px) 100vw, 1024px\" \/><\/a><\/figure>\n<\/div>\n\n\n<p><a href=\"https:\/\/www.rcf.fr\/articles\/points-de-vue\/pascale-moriniere-comment-parler-de-la-guerre-aux-enfants?fbclid=IwY2xjawLJNAtleHRuA2FlbQIxMQABHhuTJZrbdo-V4I1so5ITKajTz0M3NxVOjj76nlxKxUrhS9bK4zNT5JkrbW-r_aem_RROXnCbYYLfTD2RZGtwqsw&amp;sfnsn=scwspwa\">https:\/\/www.rcf.fr\/articles\/points-de-vue\/pascale-moriniere-comment-parler-de-la-guerre-aux-enfants?fbclid=IwY2xjawLJNAtleHRuA2FlbQIxMQABHhuTJZrbdo-V4I1so5ITKajTz0M3NxVOjj76nlxKxUrhS9bK4zNT5JkrbW-r_aem_RROXnCbYYLfTD2RZGtwqsw&amp;sfnsn=scwspwa<\/a><\/p>\n","protected":false},"excerpt":{"rendered":"<p>LA CHRONIQUE DES AFC &#8211; L&rsquo;actualit\u00e9 des derniers jours est \u00e9videmment marqu\u00e9e par la guerre au Moyen-Orient entre l&rsquo;Iran et Isra\u00ebl. Difficile de passer \u00e0 c\u00f4t\u00e9, m\u00eame pour des enfants. Mais comment leur en parler ? Comment leur en faire &hellip; <a href=\"https:\/\/www.afc69.fr\/?p=15772\">Continuer la lecture <span class=\"meta-nav\">&rarr;<\/span><\/a><\/p>\n","protected":false},"author":2,"featured_media":15773,"comment_status":"open","ping_status":"open","sticky":false,"template":"","format":"standard","meta":{"footnotes":""},"categories":[27,88],"tags":[],"class_list":["post-15772","post","type-post","status-publish","format-standard","has-post-thumbnail","hentry","category-chantiers-education","category-reflexions-educatives"],"_links":{"self":[{"href":"https:\/\/www.afc69.fr\/index.php?rest_route=\/wp\/v2\/posts\/15772","targetHints":{"allow":["GET"]}}],"collection":[{"href":"https:\/\/www.afc69.fr\/index.php?rest_route=\/wp\/v2\/posts"}],"about":[{"href":"https:\/\/www.afc69.fr\/index.php?rest_route=\/wp\/v2\/types\/post"}],"author":[{"embeddable":true,"href":"https:\/\/www.afc69.fr\/index.php?rest_route=\/wp\/v2\/users\/2"}],"replies":[{"embeddable":true,"href":"https:\/\/www.afc69.fr\/index.php?rest_route=%2Fwp%2Fv2%2Fcomments&post=15772"}],"version-history":[{"count":3,"href":"https:\/\/www.afc69.fr\/index.php?rest_route=\/wp\/v2\/posts\/15772\/revisions"}],"predecessor-version":[{"id":15777,"href":"https:\/\/www.afc69.fr\/index.php?rest_route=\/wp\/v2\/posts\/15772\/revisions\/15777"}],"wp:featuredmedia":[{"embeddable":true,"href":"https:\/\/www.afc69.fr\/index.php?rest_route=\/wp\/v2\/media\/15773"}],"wp:attachment":[{"href":"https:\/\/www.afc69.fr\/index.php?rest_route=%2Fwp%2Fv2%2Fmedia&parent=15772"}],"wp:term":[{"taxonomy":"category","embeddable":true,"href":"https:\/\/www.afc69.fr\/index.php?rest_route=%2Fwp%2Fv2%2Fcategories&post=15772"},{"taxonomy":"post_tag","embeddable":true,"href":"https:\/\/www.afc69.fr\/index.php?rest_route=%2Fwp%2Fv2%2Ftags&post=15772"}],"curies":[{"name":"wp","href":"https:\/\/api.w.org\/{rel}","templated":true}]}}