{"id":15717,"date":"2025-06-20T16:34:26","date_gmt":"2025-06-20T15:34:26","guid":{"rendered":"https:\/\/www.afc69.fr\/?p=15717"},"modified":"2025-06-20T13:17:57","modified_gmt":"2025-06-20T12:17:57","slug":"lecture-pour-cet-ete-la-famille-au-coeur-un-nouvel-ouvrage-de-pascale-moriniere","status":"publish","type":"post","link":"https:\/\/www.afc69.fr\/?p=15717","title":{"rendered":"LECTURE POUR CET ETE  \u00ab\u00a0LA FAMILLE AU COEUR\u00a0\u00bb : UN NOUVEL OUVRAGE DE PASCALE MORINIERE."},"content":{"rendered":"<div class=\"wp-block-image\">\n<figure class=\"aligncenter size-large is-resized\"><a href=\"https:\/\/www.afc-france.org\/actualites\/livre-famille-au-coeur\/\"><img loading=\"lazy\" decoding=\"async\" width=\"1024\" height=\"637\" src=\"https:\/\/www.afc69.fr\/wp-content\/uploads\/2025\/06\/image-82-1024x637.png\" alt=\"\" class=\"wp-image-15718\" style=\"width:418px;height:auto\" srcset=\"https:\/\/www.afc69.fr\/wp-content\/uploads\/2025\/06\/image-82-1024x637.png 1024w, https:\/\/www.afc69.fr\/wp-content\/uploads\/2025\/06\/image-82-300x186.png 300w, https:\/\/www.afc69.fr\/wp-content\/uploads\/2025\/06\/image-82-768x477.png 768w, https:\/\/www.afc69.fr\/wp-content\/uploads\/2025\/06\/image-82-483x300.png 483w, https:\/\/www.afc69.fr\/wp-content\/uploads\/2025\/06\/image-82.png 1110w\" sizes=\"auto, (max-width: 1024px) 100vw, 1024px\" \/><\/a><\/figure>\n<\/div>\n\n\n<p>Une intervention de Pascale Morini\u00e8re&nbsp;<a href=\"https:\/\/www.rcf.fr\/articles\/points-de-vue\/pascale-moriniere-la-famille-au-coeur\">\u00e0 \u00e9couter sur RCF&nbsp;<\/a><\/p>\n\n\n\n<p><strong>RCF :&nbsp;Vous publiez un livre intitul\u00e9 \u00ab La famille au c\u0153ur \u00bb aux \u00e9ditions du Cerf. Pouvez-vous nous dire de quoi il s\u2019agit ?<\/strong><\/p>\n\n\n\n<p><strong>Pascale Morini\u00e8re<\/strong>&nbsp;: Ce livre est le fruit de l\u2019exp\u00e9rience des AFC qui \u00e9coutent, accompagnent et promeuvent la famille au quotidien dans nos 280 AFC.<\/p>\n\n\n\n<p>Nous faisons un constat \u00e9tonnant : la famille est pl\u00e9biscit\u00e9e par les Fran\u00e7ais qui, \u00e0 une immense majorit\u00e9, la reconnaissent comme ce qu\u2019il y a de plus important dans leur vie. Mais, dans le m\u00eame temps, elle est la grande oubli\u00e9e des r\u00e9flexions et d\u00e9cisions politiques depuis des d\u00e9cennies.<\/p>\n\n\n\n<p>Si on parle de la famille, c\u2019est pour d\u00e9noncer ses insuffisances, ses carences et, malheureusement, les maltraitances qui peuvent s\u2019y exercer. On rappelle trop rarement, voire jamais, ce que les familles durables et aimantes apportent \u00e0 la soci\u00e9t\u00e9 et \u00e0 chacun en mati\u00e8re de stabilit\u00e9, d\u2019\u00e9ducation, de solidarit\u00e9 de proximit\u00e9 ou de coh\u00e9sion.<\/p>\n\n\n\n<p>Les d\u00e9cisions prises ne vont pas dans le sens de l\u2019unit\u00e9 familiale mais vers toujours plus d\u2019individualisation des rapports sociaux.<\/p>\n\n\n\n<p><strong>RCF : Les confinements successifs au moment de la crise sanitaire du Covid ont pourtant montr\u00e9 l\u2019importance de la famille lorsque toutes les structures sociales s\u2019effacent\u2026<\/strong><\/p>\n\n\n\n<p><strong>P.M. :<\/strong>&nbsp;Oui, en effet ! Mais qui l\u2019a reconnu ? Avons-nous pour autant applaudi les familles ? Je crois que nous voyons collectivement la famille comme un implicite. Et, pour les d\u00e9cideurs politiques, une source de d\u00e9pense plut\u00f4t qu\u2019un investissement d\u2019avenir.<\/p>\n\n\n\n<p>Et pourtant, c\u2019est bien de la famille que vient l\u2019extraordinaire capacit\u00e9 de renouvellement que constitue chaque nouvelle naissance. C\u2019est ainsi que notre soci\u00e9t\u00e9 se red\u00e9ploie joyeusement \u00e0 chaque g\u00e9n\u00e9ration. La naissance de nouveaux enfants est un bien commun pour toute la soci\u00e9t\u00e9 confi\u00e9 \u00e0 la vigilance affectueuse des familles. Essayons de ne pas l\u2019oublier !<\/p>\n\n\n\n<p><strong>RCF : Nous sommes confront\u00e9s \u00e0 de nombreux d\u00e9fis. La famille peut-elle \u00eatre une r\u00e9ponse pour y faire face ?<\/strong><\/p>\n\n\n\n<p><strong>P.M.<\/strong>&nbsp;: La famille n\u2019est pas un probl\u00e8me en soi mais la solution pour une soci\u00e9t\u00e9 divis\u00e9e. Je m\u2019efforce de montrer dans mon livre tout ce que la famille apporte alors que nous sommes confront\u00e9s a des d\u00e9fis \u00e9conomiques, \u00e9ducatifs, digitaux, \u00e9cologiques, d\u00e9mographiques\u2026 Ce sont des familles elles-m\u00eames, premi\u00e8res agences de paix, premiers amortisseurs sociaux, premiers et principaux \u00e9ducateurs que viennent nombre de solutions. Les familles sont un potentiel pr\u00e9cieux pour l\u2019humanisation de notre soci\u00e9t\u00e9 !<\/p>\n\n\n<div class=\"wp-block-image\">\n<figure class=\"aligncenter size-large\"><a href=\"https:\/\/www.afc69.fr\/wp-content\/uploads\/2025\/06\/image-83.png\"><img loading=\"lazy\" decoding=\"async\" width=\"1024\" height=\"528\" src=\"https:\/\/www.afc69.fr\/wp-content\/uploads\/2025\/06\/image-83-1024x528.png\" alt=\"\" class=\"wp-image-15719\" srcset=\"https:\/\/www.afc69.fr\/wp-content\/uploads\/2025\/06\/image-83-1024x528.png 1024w, https:\/\/www.afc69.fr\/wp-content\/uploads\/2025\/06\/image-83-300x155.png 300w, https:\/\/www.afc69.fr\/wp-content\/uploads\/2025\/06\/image-83-768x396.png 768w, https:\/\/www.afc69.fr\/wp-content\/uploads\/2025\/06\/image-83-500x258.png 500w, https:\/\/www.afc69.fr\/wp-content\/uploads\/2025\/06\/image-83-1320x681.png 1320w, https:\/\/www.afc69.fr\/wp-content\/uploads\/2025\/06\/image-83.png 1367w\" sizes=\"auto, (max-width: 1024px) 100vw, 1024px\" \/><\/a><\/figure>\n<\/div>\n\n<div class=\"wp-block-image\">\n<figure class=\"aligncenter size-full\"><a href=\"https:\/\/www.editionsducerf.fr\/librairie\/livre\/20874\/La-famille-au-coeur\"><img loading=\"lazy\" decoding=\"async\" width=\"538\" height=\"122\" src=\"https:\/\/www.afc69.fr\/wp-content\/uploads\/2025\/06\/image-84.png\" alt=\"\" class=\"wp-image-15720\" srcset=\"https:\/\/www.afc69.fr\/wp-content\/uploads\/2025\/06\/image-84.png 538w, https:\/\/www.afc69.fr\/wp-content\/uploads\/2025\/06\/image-84-300x68.png 300w, https:\/\/www.afc69.fr\/wp-content\/uploads\/2025\/06\/image-84-500x113.png 500w\" sizes=\"auto, (max-width: 538px) 100vw, 538px\" \/><\/a><\/figure>\n<\/div>\n\n\n<p><a href=\"https:\/\/www.afc-france.org\/actualites\/livre-famille-au-coeur\/\">La Famille au c\u0153ur : un nouvel ouvrage de Pascale Morini\u00e8re<\/a><\/p>\n","protected":false},"excerpt":{"rendered":"<p>Une intervention de Pascale Morini\u00e8re&nbsp;\u00e0 \u00e9couter sur RCF&nbsp; RCF :&nbsp;Vous publiez un livre intitul\u00e9 \u00ab La famille au c\u0153ur \u00bb aux \u00e9ditions du Cerf. Pouvez-vous nous dire de quoi il s\u2019agit ? Pascale Morini\u00e8re&nbsp;: Ce livre est le fruit de &hellip; <a href=\"https:\/\/www.afc69.fr\/?p=15717\">Continuer la lecture <span class=\"meta-nav\">&rarr;<\/span><\/a><\/p>\n","protected":false},"author":2,"featured_media":15718,"comment_status":"open","ping_status":"open","sticky":false,"template":"","format":"standard","meta":{"footnotes":""},"categories":[59],"tags":[],"class_list":["post-15717","post","type-post","status-publish","format-standard","has-post-thumbnail","hentry","category-petites-annonces"],"_links":{"self":[{"href":"https:\/\/www.afc69.fr\/index.php?rest_route=\/wp\/v2\/posts\/15717","targetHints":{"allow":["GET"]}}],"collection":[{"href":"https:\/\/www.afc69.fr\/index.php?rest_route=\/wp\/v2\/posts"}],"about":[{"href":"https:\/\/www.afc69.fr\/index.php?rest_route=\/wp\/v2\/types\/post"}],"author":[{"embeddable":true,"href":"https:\/\/www.afc69.fr\/index.php?rest_route=\/wp\/v2\/users\/2"}],"replies":[{"embeddable":true,"href":"https:\/\/www.afc69.fr\/index.php?rest_route=%2Fwp%2Fv2%2Fcomments&post=15717"}],"version-history":[{"count":3,"href":"https:\/\/www.afc69.fr\/index.php?rest_route=\/wp\/v2\/posts\/15717\/revisions"}],"predecessor-version":[{"id":15727,"href":"https:\/\/www.afc69.fr\/index.php?rest_route=\/wp\/v2\/posts\/15717\/revisions\/15727"}],"wp:featuredmedia":[{"embeddable":true,"href":"https:\/\/www.afc69.fr\/index.php?rest_route=\/wp\/v2\/media\/15718"}],"wp:attachment":[{"href":"https:\/\/www.afc69.fr\/index.php?rest_route=%2Fwp%2Fv2%2Fmedia&parent=15717"}],"wp:term":[{"taxonomy":"category","embeddable":true,"href":"https:\/\/www.afc69.fr\/index.php?rest_route=%2Fwp%2Fv2%2Fcategories&post=15717"},{"taxonomy":"post_tag","embeddable":true,"href":"https:\/\/www.afc69.fr\/index.php?rest_route=%2Fwp%2Fv2%2Ftags&post=15717"}],"curies":[{"name":"wp","href":"https:\/\/api.w.org\/{rel}","templated":true}]}}