{"id":15576,"date":"2025-06-06T16:28:12","date_gmt":"2025-06-06T15:28:12","guid":{"rendered":"https:\/\/www.afc69.fr\/?p=15576"},"modified":"2025-06-06T13:36:04","modified_gmt":"2025-06-06T12:36:04","slug":"podcast-chretien-telio","status":"publish","type":"post","link":"https:\/\/www.afc69.fr\/?p=15576","title":{"rendered":"\u00ab\u00a0TELIO\u00a0\u00bb LES PODCASTS CHRETIENS."},"content":{"rendered":"<div class=\"wp-block-image\">\n<figure class=\"aligncenter size-full\"><a href=\"https:\/\/www.telio-podcast.fr\/\"><img loading=\"lazy\" decoding=\"async\" width=\"232\" height=\"241\" src=\"https:\/\/www.afc69.fr\/wp-content\/uploads\/2025\/06\/image-13.png\" alt=\"\" class=\"wp-image-15577\"\/><\/a><\/figure>\n<\/div>\n\n\n<p>Des podcasts chr\u00e9tiens pour entrer en c\u0153ur \u00e0 c\u0153ur avec le Christ. La vie des saints racont\u00e9e aux enfants.<\/p>\n\n\n<div class=\"wp-block-image\">\n<figure class=\"aligncenter size-large\"><a href=\"https:\/\/www.afc69.fr\/wp-content\/uploads\/2025\/06\/image-14.png\"><img loading=\"lazy\" decoding=\"async\" width=\"1024\" height=\"365\" src=\"https:\/\/www.afc69.fr\/wp-content\/uploads\/2025\/06\/image-14-1024x365.png\" alt=\"\" class=\"wp-image-15578\" srcset=\"https:\/\/www.afc69.fr\/wp-content\/uploads\/2025\/06\/image-14-1024x365.png 1024w, https:\/\/www.afc69.fr\/wp-content\/uploads\/2025\/06\/image-14-300x107.png 300w, https:\/\/www.afc69.fr\/wp-content\/uploads\/2025\/06\/image-14-768x274.png 768w, https:\/\/www.afc69.fr\/wp-content\/uploads\/2025\/06\/image-14-500x178.png 500w, https:\/\/www.afc69.fr\/wp-content\/uploads\/2025\/06\/image-14-1320x471.png 1320w, https:\/\/www.afc69.fr\/wp-content\/uploads\/2025\/06\/image-14.png 1477w\" sizes=\"auto, (max-width: 1024px) 100vw, 1024px\" \/><\/a><\/figure>\n<\/div>\n\n\n<p><a href=\"https:\/\/www.telio-podcast.fr\/\">Podcast | Telio<\/a><\/p>\n\n\n\n<h1 class=\"wp-block-heading\">GUILLAUME DEVOUD &#8211; FONDATEUR de TELIO<\/h1>\n\n\n\n<p>L&rsquo;id\u00e9e de cr\u00e9er des podcasts chr\u00e9tiens est n\u00e9e d&rsquo;une exp\u00e9rience de conversion personnelle li\u00e9e \u00e0 l&rsquo;\u00e9coute, un jour, du podcast vid\u00e9o du P\u00e8re Nicolas Buttet, et du d\u00e9sir d&rsquo;offrir \u00e0 d&rsquo;autres ce que podcast m&rsquo;avait permis. Apr\u00e8s Zeteo lanc\u00e9 en janvier 2020, j&rsquo;ai cr\u00e9\u00e9 le podcast Bethesda en 2021 et je lance Telio en 2022.<\/p>\n\n\n\n<p>\u200b\u200b\u200bJe retrouve ainsi la ferveur de mes ann\u00e9es d\u2019\u00e9tudes : je m\u2019\u00e9tais engag\u00e9 au service de mouvements chr\u00e9tiens, comme le Congr\u00e8s de la Famille \u00e0 Paris en 1986, ou le Festival d\u2019Art Chr\u00e9tien de Paray-le-Monial en 1986 et 1987. En 1989, je publiais \u201cAp\u00f4tres de l\u2019an 2000\u201d aux \u00e9ditions Le Sarment-Fayard.\u00a0<\/p>\n\n\n\n<p>Dipl\u00f4m\u00e9 de philosophie \u00e0 la Sorbonne et \u00e0 l&rsquo;IPC \u00e0 Paris, o\u00f9 ma formation a \u00e9t\u00e9 compl\u00e9t\u00e9e par de la th\u00e9ologie, j&rsquo;ai pass\u00e9 une bonne partie de ma vie \u00e0 l&rsquo;\u00e9tranger, notamment en Pologne o\u00f9 j&rsquo;ai dirig\u00e9 la filiale du groupe Hachette.&nbsp;<\/p>\n\n\n\n<p>Issu d\u2019une famille franco-anglaise, je suis mari\u00e9 depuis 30 ans avec Marzena, elle-m\u00eame ouverte au monde par sa naissance d&rsquo;un p\u00e8re polonais et d&rsquo;une m\u00e8re vietnamienne, je suis p\u00e8re fier et heureux de deux enfants d\u00e9j\u00e0 grands.<\/p>\n","protected":false},"excerpt":{"rendered":"<p>Des podcasts chr\u00e9tiens pour entrer en c\u0153ur \u00e0 c\u0153ur avec le Christ. La vie des saints racont\u00e9e aux enfants. Podcast | Telio GUILLAUME DEVOUD &#8211; FONDATEUR de TELIO L&rsquo;id\u00e9e de cr\u00e9er des podcasts chr\u00e9tiens est n\u00e9e d&rsquo;une exp\u00e9rience de conversion &hellip; <a href=\"https:\/\/www.afc69.fr\/?p=15576\">Continuer la lecture <span class=\"meta-nav\">&rarr;<\/span><\/a><\/p>\n","protected":false},"author":2,"featured_media":15577,"comment_status":"open","ping_status":"open","sticky":false,"template":"","format":"standard","meta":{"footnotes":""},"categories":[59],"tags":[],"class_list":["post-15576","post","type-post","status-publish","format-standard","has-post-thumbnail","hentry","category-petites-annonces"],"_links":{"self":[{"href":"https:\/\/www.afc69.fr\/index.php?rest_route=\/wp\/v2\/posts\/15576","targetHints":{"allow":["GET"]}}],"collection":[{"href":"https:\/\/www.afc69.fr\/index.php?rest_route=\/wp\/v2\/posts"}],"about":[{"href":"https:\/\/www.afc69.fr\/index.php?rest_route=\/wp\/v2\/types\/post"}],"author":[{"embeddable":true,"href":"https:\/\/www.afc69.fr\/index.php?rest_route=\/wp\/v2\/users\/2"}],"replies":[{"embeddable":true,"href":"https:\/\/www.afc69.fr\/index.php?rest_route=%2Fwp%2Fv2%2Fcomments&post=15576"}],"version-history":[{"count":2,"href":"https:\/\/www.afc69.fr\/index.php?rest_route=\/wp\/v2\/posts\/15576\/revisions"}],"predecessor-version":[{"id":15599,"href":"https:\/\/www.afc69.fr\/index.php?rest_route=\/wp\/v2\/posts\/15576\/revisions\/15599"}],"wp:featuredmedia":[{"embeddable":true,"href":"https:\/\/www.afc69.fr\/index.php?rest_route=\/wp\/v2\/media\/15577"}],"wp:attachment":[{"href":"https:\/\/www.afc69.fr\/index.php?rest_route=%2Fwp%2Fv2%2Fmedia&parent=15576"}],"wp:term":[{"taxonomy":"category","embeddable":true,"href":"https:\/\/www.afc69.fr\/index.php?rest_route=%2Fwp%2Fv2%2Fcategories&post=15576"},{"taxonomy":"post_tag","embeddable":true,"href":"https:\/\/www.afc69.fr\/index.php?rest_route=%2Fwp%2Fv2%2Ftags&post=15576"}],"curies":[{"name":"wp","href":"https:\/\/api.w.org\/{rel}","templated":true}]}}