{"id":15574,"date":"2025-06-06T16:44:29","date_gmt":"2025-06-06T15:44:29","guid":{"rendered":"https:\/\/www.afc69.fr\/?p=15574"},"modified":"2025-06-06T13:24:57","modified_gmt":"2025-06-06T12:24:57","slug":"ce-que-leon-xiv-dit-de-la-famille-article-aleteia-emma-gatti-29-mai-2025","status":"publish","type":"post","link":"https:\/\/www.afc69.fr\/?p=15574","title":{"rendered":"CE QUE LEON XIV DIT DE LA FAMILLE (ARTICLE ALETEIA EMMA GATTI 29 MAI 2025)."},"content":{"rendered":"<div class=\"wp-block-image\">\n<figure class=\"aligncenter size-large is-resized\"><a href=\"https:\/\/www.afc69.fr\/wp-content\/uploads\/2025\/06\/image-11.png\"><img loading=\"lazy\" decoding=\"async\" width=\"724\" height=\"1024\" src=\"https:\/\/www.afc69.fr\/wp-content\/uploads\/2025\/06\/image-11-724x1024.png\" alt=\"\" class=\"wp-image-15569\" style=\"width:286px;height:auto\" srcset=\"https:\/\/www.afc69.fr\/wp-content\/uploads\/2025\/06\/image-11-724x1024.png 724w, https:\/\/www.afc69.fr\/wp-content\/uploads\/2025\/06\/image-11-212x300.png 212w, https:\/\/www.afc69.fr\/wp-content\/uploads\/2025\/06\/image-11-768x1086.png 768w, https:\/\/www.afc69.fr\/wp-content\/uploads\/2025\/06\/image-11-1086x1536.png 1086w, https:\/\/www.afc69.fr\/wp-content\/uploads\/2025\/06\/image-11-1448x2048.png 1448w, https:\/\/www.afc69.fr\/wp-content\/uploads\/2025\/06\/image-11-1320x1866.png 1320w, https:\/\/www.afc69.fr\/wp-content\/uploads\/2025\/06\/image-11.png 1754w\" sizes=\"auto, (max-width: 724px) 100vw, 724px\" \/><\/a><\/figure>\n<\/div>\n\n\n<p><em>L\u00e9on XIV doit c\u00e9l\u00e9brer ce week-end \u00e0 Rome une messe pour le Jubil\u00e9 des familles. D\u00e8s le d\u00e9but de son pontificat, dans l\u2019un de ses premiers discours publics, il a affirm\u00e9 que la famille \u00e9tait \u00ab fond\u00e9e sur l\u2019union stable entre un homme et une femme \u00bb, et il a rappel\u00e9 la dignit\u00e9 de l&rsquo;enfant \u00e0 na\u00eetre et de la personne \u00e2g\u00e9e, se montrant un vif d\u00e9fenseur de la doctrine traditionnelle de l\u2019\u00c9glise. Il a aussi exprim\u00e9 \u00e0 plusieurs reprises sa compassion pour les souffrances endur\u00e9es par les familles, que ce soit \u00e0 cause de \u00ab l\u2019instabilit\u00e9 affective \u00bb ou des conflits.<\/em><\/p>\n\n\n\n<p>Le 16&nbsp;mai, une semaine apr\u00e8s son \u00e9lection, le nouveau pape a re\u00e7u, comme le veut la coutume, les ambassadeurs des 184 pays qui entretiennent des relations avec le Saint-Si\u00e8ge.&nbsp;<a href=\"https:\/\/fr.aleteia.org\/2025\/05\/16\/leon-xiv-confie-aux-ambassadeurs-son-aspiration-a-depasser-les-frontieres\">Devant eux, il a appel\u00e9 les dirigeants du monde<\/a>&nbsp;\u00e0 \u00ab&nbsp;construire des soci\u00e9t\u00e9s civiles harmonieuses et pacifi\u00e9es&nbsp;\u00bb. Pla\u00e7ant ses pas dans ceux de ses pr\u00e9d\u00e9cesseurs, il a aussit\u00f4t d\u00e9fini la base de telles soci\u00e9t\u00e9s&nbsp;: la famille, \u00ab une soci\u00e9t\u00e9 tr\u00e8s petite sans doute, mais r\u00e9elle et ant\u00e9rieure \u00e0 toute soci\u00e9t\u00e9 civile \u00bb. Ces mots \u00e9taient une r\u00e9f\u00e9rence directe \u00e0&nbsp;<em><a href=\"https:\/\/www.vatican.va\/content\/leo-xiii\/fr\/encyclicals\/documents\/hf_l-xiii_enc_15051891_rerum-novarum.html\" target=\"_blank\" rel=\"noreferrer noopener\">Rerum novarum<\/a><\/em>, sign\u00e9e 134 ans plus t\u00f4t par L\u00e9on XIII \u2013 dont il a pris le nom. Dans cette encyclique, le p\u00e8re de la&nbsp;<a href=\"https:\/\/fr.aleteia.org\/2021\/01\/29\/que-dit-la-doctrine-sociale-de-leglise\">Doctrine sociale de l\u2019\u00c9glise<\/a>&nbsp;attribuait \u00e0 la famille \u00ab&nbsp;certains droits et certains devoirs absolument ind\u00e9pendants de l&rsquo;\u00c9tat&nbsp;\u00bb. Il lui donnait \u00ab&nbsp;une priorit\u00e9 logique et une priorit\u00e9 r\u00e9elle&nbsp;\u00bb sur la soci\u00e9t\u00e9 civile, et condamnait toute entremise du pouvoir civil \u00ab&nbsp;dans le sanctuaire de la famille \u00bb. Ce furent les pr\u00e9misses d\u2019une pens\u00e9e qui se d\u00e9veloppera avec le&nbsp;<a href=\"https:\/\/fr.aleteia.org\/tag\/concile-vatican-ii\">Concile Vatican II<\/a>&nbsp;(<em>Gaudium et Spes<\/em>) puis Jean Paul II (<em>Familiaris consortio<\/em>) et les papes suivants.<\/p>\n\n\n\n<p>D\u00e9fendant clairement cette vision traditionnelle de l\u2019\u00c9glise catholique devant les ambassadeurs, L\u00e9on XIV a enjoint les politiques \u00e0 miser \u00ab&nbsp;sur la famille fond\u00e9e sur l\u2019union stable entre un homme et une femme&nbsp;\u00bb. Une mention qui n\u2019est pas pass\u00e9e inaper\u00e7ue. \u00ab&nbsp;Le pape L\u00e9on XIV d\u00e9fend la famille&nbsp;et le mariage traditionnel \u00bb, a titr\u00e9 une partie de la presse anglophone apr\u00e8s les paroles du nouveau pape. Dans ce m\u00eame discours aux diplomates \u2013 consid\u00e9r\u00e9 traditionnellement comme indicatif pour les grandes lignes d\u2019un pontificat \u2013, L\u00e9on XIV a aussi demand\u00e9 la protection de \u00ab&nbsp;la dignit\u00e9 de chaque personne&nbsp;\u00bb, en particulier \u00ab&nbsp;celle des plus fragiles et des plus vuln\u00e9rables, de l&rsquo;enfant \u00e0 na\u00eetre \u00e0 la personne \u00e2g\u00e9e, du malade au ch\u00f4meur, que celui-ci soit citoyen ou immigrant&nbsp;\u00bb. \u00c0 nouveau cette mention a \u00e9t\u00e9 soulign\u00e9e par les observateurs comme une prise de position claire sur des sujets sociaux d\u00e9licats \u2013 IVG, euthanasie \u2013 qui agitent de plus en plus de nations. La veille d\u00e9j\u00e0, le 15&nbsp;mai, L\u00e9on XIV avait mentionn\u00e9 la famille et son r\u00f4le \u00e9ducatif incontournable, en recevant les fr\u00e8res des \u00c9coles chr\u00e9tiennes. Il avait insist\u00e9 pour \u00ab&nbsp;la participation des familles dans le parcours scolaire, selon le principe du \u2019triangle \u00e9ducatif\u2019 \u00bb.&nbsp;<\/p>\n\n\n\n<h2 class=\"wp-block-heading\"><strong>Les familles souffrantes<\/strong><\/h2>\n\n\n\n<p>Dans ses prises de parole, le 267e pape, dont la sollicitude pour les familles \u00e9tait connue lorsqu\u2019il \u00e9tait \u00e9v\u00eaque de Chiclayo au P\u00e9rou, a aussi mentionn\u00e9 diverses r\u00e9alit\u00e9s de souffrances v\u00e9cues par celles-ci. Devant les religieux lasalliens, il a ainsi d\u00e9crit les carences du contexte social actuel, peu propice \u00e0 l\u2019\u00e9panouissement des familles. Il a d\u00e9plor\u00e9 \u00ab&nbsp;des mod\u00e8les relationnels insidieux de plus en plus marqu\u00e9s par la superficialit\u00e9, l\u2019individualisme et l\u2019instabilit\u00e9 affective&nbsp;\u00bb. Et il a regrett\u00e9 \u00ab&nbsp;la pr\u00e9valence de rythmes et de styles de vie qui ne laissent pas suffisamment de place \u00e0 l\u2019\u00e9coute, \u00e0 la r\u00e9flexion et au dialogue, \u00e0 l\u2019\u00e9cole, dans la famille, parfois aussi entre des personnes du m\u00eame \u00e2ge, avec la solitude qui en r\u00e9sulte&nbsp;\u00bb.<\/p>\n\n\n\n<p>Lors de l\u2019audience g\u00e9n\u00e9rale du 28&nbsp;mai, L\u00e9on XIV s\u2019est aussi attrist\u00e9 du sort des habitants de Gaza, o\u00f9 \u00ab les larmes de plus en plus intenses des m\u00e8res et des p\u00e8res, qui serrent contre eux le corps sans vie de leurs enfants, montent vers le ciel \u00bb. Il s\u2019est d\u00e9sol\u00e9 pour ces familles contraintes \u00ab de se d\u00e9placer en permanence \u00e0 la recherche d\u2019un peu de nourriture et de refuges plus s\u00fbrs contre les bombardements \u00bb, appelant \u00e0 un cessez-le-feu et \u00e0 des aides humanitaires.<\/p>\n\n\n\n<p>Lors de son premier&nbsp;<em>Regina C\u00e6li,<\/em>&nbsp;le 11&nbsp;mai, trois jours apr\u00e8s son \u00e9lection, le chef de l\u2019\u00c9glise catholique a soulign\u00e9 le lien spirituel existant dans les familles m\u00eame apr\u00e8s un d\u00e9c\u00e8s. \u00c0 l\u2019occasion de la f\u00eate des m\u00e8res c\u00e9l\u00e9br\u00e9e en Italie, il a adress\u00e9 \u00ab&nbsp;un salut chaleureux \u00e0 toutes les mamans, avec une pri\u00e8re pour elles, et pour celles qui sont d\u00e9j\u00e0 au ciel&nbsp;\u00bb, d\u00e9clenchant un tonnerre d\u2019applaudissements. \u00ab Il a toujours \u00e9t\u00e9 tr\u00e8s attentif aux familles, \u00e0 leur formation et \u00e0 leur int\u00e9gration dans la soci\u00e9t\u00e9 en tant que noyau fondamental. En tant que pape, je crois qu\u2019il recherchera une \u00c9glise dans le Christ, l\u2019unit\u00e9 de tous et la promotion du r\u00f4le fondamental de la famille \u00bb, a d\u00e9clar\u00e9 Edinson Delgado, directeur de l\u2019\u00e9cole catholique dioc\u00e9saine Saint-Turibe de Mogrovejo \u00e0 Chiclayo,&nbsp;<a href=\"https:\/\/www.aciprensa.com\/noticias\/113741\/la-huella-de-prevost-en-chiclayo-como-papa-buscara-la-promocion-del-rol-fundamental-de-la-familia\">au m\u00e9dia&nbsp;<em>ACI Prensa<\/em><\/a>.<\/p>\n\n\n\n<h2 class=\"wp-block-heading\"><strong>La grande famille de Dieu<\/strong><\/h2>\n\n\n\n<p>Plus largement, le pontife am\u00e9ricano-p\u00e9ruvien a d\u00e9sign\u00e9 \u00e0 plusieurs reprises l\u2019\u00c9glise comme une famille, \u00ab&nbsp;la famille de Dieu&nbsp;\u00bb. Une r\u00e9alit\u00e9 qui embrasse \u00ab&nbsp;la riche diversit\u00e9 de nos langues, de nos cultures et de nos exp\u00e9riences&nbsp;\u00bb, a-t-il d\u00e9clar\u00e9 devant les \u0152uvres pontificales missionnaires. En s\u2019adressant aux Romains depuis la basilique Sainte-Marie-Majeure dimanche dernier, le pape a appel\u00e9 les fid\u00e8les \u00ab&nbsp;\u00e0 marcher ensemble dans l\u2019\u00c9glise, unis comme unique famille de Dieu&nbsp;\u00bb.<\/p>\n\n\n\n<p>Lors de la messe d\u2019inauguration de son pontificat, le successeur de Pierre s\u2019est pr\u00e9sent\u00e9 \u00e9galement sous les auspices de la famille.&nbsp;\u00ab&nbsp;J\u2019ai \u00e9t\u00e9 choisi sans aucun m\u00e9rite et, avec crainte et tremblements, je viens \u00e0 vous comme un fr\u00e8re&nbsp;qui veut se faire le serviteur de votre foi et de votre joie, en marchant avec vous sur le chemin de l\u2019amour de Dieu&nbsp;\u00bb, a-t-il confi\u00e9. Et d\u2019exhorter&nbsp;: \u00ab&nbsp;\u00c9coutez sa proposition d\u2019amour pour devenir son unique famille&nbsp;: dans l\u2019unique Christ, nous sommes un&nbsp;\u00bb.<\/p>\n","protected":false},"excerpt":{"rendered":"<p>L\u00e9on XIV doit c\u00e9l\u00e9brer ce week-end \u00e0 Rome une messe pour le Jubil\u00e9 des familles. D\u00e8s le d\u00e9but de son pontificat, dans l\u2019un de ses premiers discours publics, il a affirm\u00e9 que la famille \u00e9tait \u00ab fond\u00e9e sur l\u2019union stable &hellip; <a href=\"https:\/\/www.afc69.fr\/?p=15574\">Continuer la lecture <span class=\"meta-nav\">&rarr;<\/span><\/a><\/p>\n","protected":false},"author":2,"featured_media":15569,"comment_status":"open","ping_status":"open","sticky":false,"template":"","format":"standard","meta":{"footnotes":""},"categories":[60],"tags":[],"class_list":["post-15574","post","type-post","status-publish","format-standard","has-post-thumbnail","hentry","category-communiques-de-presse"],"_links":{"self":[{"href":"https:\/\/www.afc69.fr\/index.php?rest_route=\/wp\/v2\/posts\/15574","targetHints":{"allow":["GET"]}}],"collection":[{"href":"https:\/\/www.afc69.fr\/index.php?rest_route=\/wp\/v2\/posts"}],"about":[{"href":"https:\/\/www.afc69.fr\/index.php?rest_route=\/wp\/v2\/types\/post"}],"author":[{"embeddable":true,"href":"https:\/\/www.afc69.fr\/index.php?rest_route=\/wp\/v2\/users\/2"}],"replies":[{"embeddable":true,"href":"https:\/\/www.afc69.fr\/index.php?rest_route=%2Fwp%2Fv2%2Fcomments&post=15574"}],"version-history":[{"count":1,"href":"https:\/\/www.afc69.fr\/index.php?rest_route=\/wp\/v2\/posts\/15574\/revisions"}],"predecessor-version":[{"id":15575,"href":"https:\/\/www.afc69.fr\/index.php?rest_route=\/wp\/v2\/posts\/15574\/revisions\/15575"}],"wp:featuredmedia":[{"embeddable":true,"href":"https:\/\/www.afc69.fr\/index.php?rest_route=\/wp\/v2\/media\/15569"}],"wp:attachment":[{"href":"https:\/\/www.afc69.fr\/index.php?rest_route=%2Fwp%2Fv2%2Fmedia&parent=15574"}],"wp:term":[{"taxonomy":"category","embeddable":true,"href":"https:\/\/www.afc69.fr\/index.php?rest_route=%2Fwp%2Fv2%2Fcategories&post=15574"},{"taxonomy":"post_tag","embeddable":true,"href":"https:\/\/www.afc69.fr\/index.php?rest_route=%2Fwp%2Fv2%2Ftags&post=15574"}],"curies":[{"name":"wp","href":"https:\/\/api.w.org\/{rel}","templated":true}]}}