{"id":15564,"date":"2025-06-06T16:42:21","date_gmt":"2025-06-06T15:42:21","guid":{"rendered":"https:\/\/www.afc69.fr\/?p=15564"},"modified":"2025-06-06T13:25:28","modified_gmt":"2025-06-06T12:25:28","slug":"les-sept-defis-que-leon-xiv-lance-aux-couples-article-aleteia-mathilde-de-robien-3-juin-2025","status":"publish","type":"post","link":"https:\/\/www.afc69.fr\/?p=15564","title":{"rendered":"LES SEPT DEFIS QUE LEON XIV LANCE AUX COUPLES. (ARTICLE ALETEIA, Mathilde de ROBIEN 3 juin 2025)."},"content":{"rendered":"<div class=\"wp-block-image\">\n<figure class=\"aligncenter size-large is-resized\"><a href=\"https:\/\/www.afc69.fr\/wp-content\/uploads\/2025\/06\/image-11.png\"><img loading=\"lazy\" decoding=\"async\" width=\"724\" height=\"1024\" src=\"https:\/\/www.afc69.fr\/wp-content\/uploads\/2025\/06\/image-11-724x1024.png\" alt=\"\" class=\"wp-image-15569\" style=\"width:288px;height:auto\" srcset=\"https:\/\/www.afc69.fr\/wp-content\/uploads\/2025\/06\/image-11-724x1024.png 724w, https:\/\/www.afc69.fr\/wp-content\/uploads\/2025\/06\/image-11-212x300.png 212w, https:\/\/www.afc69.fr\/wp-content\/uploads\/2025\/06\/image-11-768x1086.png 768w, https:\/\/www.afc69.fr\/wp-content\/uploads\/2025\/06\/image-11-1086x1536.png 1086w, https:\/\/www.afc69.fr\/wp-content\/uploads\/2025\/06\/image-11-1448x2048.png 1448w, https:\/\/www.afc69.fr\/wp-content\/uploads\/2025\/06\/image-11-1320x1866.png 1320w, https:\/\/www.afc69.fr\/wp-content\/uploads\/2025\/06\/image-11.png 1754w\" sizes=\"auto, (max-width: 724px) 100vw, 724px\" \/><\/a><\/figure>\n<\/div>\n\n\n<p><em>Lors de la messe de cl\u00f4ture du Jubil\u00e9 des familles le 1er juin, le pape L\u00e9on XIV s\u2019est adress\u00e9 aux couples, \u00ab\u00a0le c\u0153ur plein de reconnaissance et d\u2019esp\u00e9rance\u00a0\u00bb. Dans les pas de ses pr\u00e9d\u00e9cesseurs, il a valoris\u00e9 le lien conjugal et exhort\u00e9 les couples \u00e0 cultiver un \u00ab\u00a0amour total, fid\u00e8le, f\u00e9cond\u00a0\u00bb.<\/em><\/p>\n\n\n\n<p>Pape depuis le 8&nbsp;mai, L\u00e9on XIV n\u2019avait pas encore eu l\u2019occasion de s\u2019adresser sp\u00e9cifiquement aux couples. Il avait simplement soulign\u00e9, dans son discours aux membres du corps diplomatique le 16&nbsp;mai, que la famille \u00e9tait \u00ab\u00a0fond\u00e9e sur l\u2019union stable entre un homme et une femme\u00a0\u00bb. Le&nbsp;<a href=\"https:\/\/www.vatican.va\/content\/leo-xiv\/fr\/homilies\/2025\/documents\/20250601-omelia-giubileo-famiglie.html\" target=\"_blank\" rel=\"noreferrer noopener\">Jubil\u00e9 des Familles<\/a>, premier \u00e9v\u00e8nement jubilaire auquel il a particip\u00e9 directement dans un cadre liturgique, lui a permis de d\u00e9velopper et de partager avec les catholiques du monde entier sa vision du couple et de la famille. Pour le pape augustinien, la famille constitue \u00ab\u00a0un signe de paix pour tous, dans la soci\u00e9t\u00e9 et dans le monde\u00a0\u00bb. \u00ab\u00a0C\u2019est dans les familles que se construit l\u2019avenir des peuples\u00a0\u00bb, a-t-il affirm\u00e9.<\/p>\n\n\n\n<p>Un enjeu de taille qui d\u00e9pend de la relation entre un homme et une femme, appel\u00e9s \u00e0 manifester l\u2019amour de Dieu. \u00ab\u00a0Le monde d\u2019aujourd\u2019hui a besoin de l\u2019alliance conjugale pour conna\u00eetre et accueillir l\u2019amour de Dieu\u00a0\u00bb, a assur\u00e9 le Pape. Mais l&rsquo;homme \u00e9tant imparfait, l\u2019alliance conjugale ne va pas de soi&nbsp;! C\u2019est pourquoi L\u00e9on XIV a distill\u00e9 tout au long de son hom\u00e9lie des d\u00e9fis adress\u00e9s aux couples, en vue d\u2019atteindre cet \u00ab\u00a0amour total, fid\u00e8le, f\u00e9cond\u00a0\u00bb, reflet de l&rsquo;amour de Dieu pour les hommes.<\/p>\n\n\n\n<h2 class=\"wp-block-heading\"><strong>1- <\/strong><strong>\u00eatre \u00ab\u00a0un\u00a0\u00bb, \u00e0 l&rsquo;image des couples saints<\/strong><\/h2>\n\n\n\n<p>En digne fils de saint Augustin, L\u00e9on XIV pr\u00f4ne l\u2019unit\u00e9. L\u2019unit\u00e9 entre tous les hommes, mais aussi dans le couple, dans la mesure o\u00f9 Dieu peut s\u2019identifier dans ce qui demeure uni, \u00e0 travers une communion d\u2019amour dont lui-m\u00eame est la source. Et cette union conjugale n\u2019est pas impossible. L\u00e9on XIV en veut pour preuve ces couples de saints qui ont \u00e9t\u00e9 canonis\u00e9s \u00ab\u00a0non pas s\u00e9par\u00e9ment, mais ensemble, en tant que couples mari\u00e9s\u00a0\u00bb.&nbsp;<a href=\"https:\/\/fr.aleteia.org\/2019\/06\/12\/louis-et-zelie-martin-les-saints-epoux-du-quotidien\" target=\"_blank\" rel=\"noreferrer noopener\">Louis et Z\u00e9lie Martin<\/a>,&nbsp;<a href=\"https:\/\/fr.aleteia.org\/2019\/08\/19\/luigi-et-maria-beltrame-quattrocchi-une-unique-vie-faite-des-memes-aspirations-et-des-memes-buts\" target=\"_blank\" rel=\"noreferrer noopener\">Luigi et Maria Beltrame Quattrocchi<\/a>,&nbsp;<a href=\"https:\/\/fr.aleteia.org\/2023\/09\/09\/les-ulma-une-famille-toute-entiere-beatifiee-en-pologne\" target=\"_blank\" rel=\"noreferrer noopener\">les \u00e9poux Ulma<\/a>\u2026 \u00ab\u00a0En d\u00e9signant comme t\u00e9moins exemplaires des \u00e9poux, l\u2019\u00c9glise nous dit que le monde d\u2019aujourd\u2019hui a besoin de l\u2019alliance conjugale pour conna\u00eetre et accueillir l\u2019amour de Dieu\u00a0\u00bb, a-t-il soulign\u00e9.<\/p>\n\n\n\n<h2 class=\"wp-block-heading\"><strong>2 &#8211; <\/strong><strong>pardonner<\/strong><\/h2>\n\n\n\n<p>Alliance conjugale ne signifie pas absence de conflits. En revanche, elle s\u2019atteint et s\u2019entretient gr\u00e2ce au pardon et \u00e0 la r\u00e9conciliation. Et c\u2019est encore la force de l\u2019amour de Dieu qui vient soutenir les couples, une force qui \u00ab\u00a0unifie et r\u00e9concilie\u00a0\u00bb, permettant ainsi de surmonter \u00ab\u00a0les forces qui d\u00e9sagr\u00e8gent les relations et les soci\u00e9t\u00e9s\u00a0\u00bb. C\u2019est \u00e0 travers le pardon et la r\u00e9conciliation que le couple peut devenir \u00ab\u00a0un signe de paix pour tous, dans la soci\u00e9t\u00e9 et dans le monde\u00a0\u00bb.<\/p>\n\n\n\n<h2 class=\"wp-block-heading\"><strong>3 &#8211; <\/strong><strong>porter du fruit<\/strong><\/h2>\n\n\n\n<p>Citant l\u2019encyclique de Paul VI&nbsp;<em><a href=\"https:\/\/www.vatican.va\/content\/paul-vi\/fr\/encyclicals\/documents\/hf_p-vi_enc_25071968_humanae-vitae.html\" target=\"_blank\" rel=\"noreferrer noopener\">Humanae vitae<\/a><\/em>&nbsp;\u2013 rest\u00e9e dans la m\u00e9moire collective pour le refus de la contraception, mais qui est avant tout une r\u00e9flexion sur la valeur du mariage et de l\u2019amour conjugal \u2013 L\u00e9on XIV a rappel\u00e9 que \u00ab\u00a0le mariage n\u2019est pas un id\u00e9al, mais la norme du v\u00e9ritable amour entre l\u2019homme et la&nbsp;femme&nbsp;: un amour total, fid\u00e8le, f\u00e9cond\u00a0\u00bb. \u00ab\u00a0Tout en vous transformant en une seule chair, cet amour vous rend capables, \u00e0 l\u2019image de Dieu, de donner la vie\u00a0\u00bb, a soulign\u00e9 le Pape.<\/p>\n\n\n\n<h2 class=\"wp-block-heading\"><strong>4 &#8211; <\/strong><strong>faire preuve de coh\u00e9rence dans l&rsquo;\u00e9ducation<\/strong><\/h2>\n\n\n\n<p>L\u00e9on XIV s\u2019est adress\u00e9 aussi aux \u00e9poux en tant que parents, et a gliss\u00e9 quelques conseils d\u2019\u00e9ducation, \u00e0 commencer par la coh\u00e9rence&nbsp;: \u00ab\u00a0Je vous encourage \u00e0 \u00eatre, pour vos enfants, des exemples de coh\u00e9rence, en vous comportant comme vous voulez qu\u2019ils se comportent\u00a0\u00bb. Mani\u00e8re de parler, de traiter son prochain, de demander pardon, d\u2019utiliser son t\u00e9l\u00e9phone\u2026 Les situations o\u00f9 les adultes manquent parfois de coh\u00e9rence ne manquent pas&nbsp;! Le nouveau pape invite enfin les parents \u00e0 \u00e9duquer leurs enfants \u00ab\u00a0\u00e0 la libert\u00e9 par l\u2019ob\u00e9issance\u00a0\u00bb, et \u00e0 rechercher \u00ab\u00a0toujours en eux le bien et les moyens de le faire grandir\u00a0\u00bb.<\/p>\n\n\n\n<h2 class=\"wp-block-heading\"><strong>5 &#8211; <\/strong><strong>Remercier pour le don de la vie<\/strong><\/h2>\n\n\n\n<p>L\u00e9on XIV encourage \u00e0 remercier pour le don de la vie. La vie que l\u2019on transmet mais aussi la vie re\u00e7ue de ses parents. \u00ab\u00a0Soyez reconnaissants envers vos parents&nbsp;: dire \u00ab\u00a0merci\u00a0\u00bb pour le don de la vie et pour tout ce qui nous est donn\u00e9 chaque jour avec elle, c\u2019est la premi\u00e8re mani\u00e8re d\u2019honorer son p\u00e8re et sa m\u00e8re\u00a0\u00bb, a-t-il soulign\u00e9.<\/p>\n\n\n\n<h2 class=\"wp-block-heading\"><strong>6 &#8211; <\/strong><strong>Transmettre la foi<\/strong><\/h2>\n\n\n\n<p>Un d\u00e9fi qui est loin d\u2019\u00eatre \u00e9vident&nbsp;: transmettre la foi \u00e0 ses enfants. Pour L\u00e9on XIV, la famille est un lieu privil\u00e9gi\u00e9 pour rencontrer le Christ. Charge aux parents de cr\u00e9er les conditions pour que cette rencontre puisse avoir lieu dans le c\u0153ur de leurs enfants. Si cela s\u2019av\u00e8re difficile, un premier pas consiste \u00e0 prier pour eux. La&nbsp;<a href=\"https:\/\/fr.aleteia.org\/2022\/06\/23\/la-puissance-de-la-priere-des-parents-pour-leurs-enfants\" target=\"_blank\" rel=\"noreferrer noopener\">pri\u00e8re des parents<\/a>&nbsp;pour leurs enfants est souvent sous-estim\u00e9e. Les grands-parents ont aussi un r\u00f4le \u00e0 jouer pour \u00e9veiller la foi de leurs petits-enfants, car il arrive qu\u2019elle \u00ab\u00a0saute\u00a0\u00bb une g\u00e9n\u00e9ration. \u00ab\u00a0Dans la famille, la foi se transmet avec la vie, de g\u00e9n\u00e9ration en g\u00e9n\u00e9ration&nbsp;: elle est partag\u00e9e comme la nourriture sur la table et les affections du c\u0153ur\u00a0\u00bb, a compar\u00e9 le Pape.<\/p>\n\n\n\n<h2 class=\"wp-block-heading\"><strong>7 &#8211; <\/strong><strong>croire en la vie \u00e9ternelle<\/strong><\/h2>\n\n\n\n<p>Dernier d\u00e9fi lanc\u00e9 par L\u00e9on XIV, qui r\u00e9sonne tout particuli\u00e8rement en cette ann\u00e9e jubilaire d\u00e9di\u00e9e \u00e0 l\u2019esp\u00e9rance&nbsp;: croire en la vie \u00e9ternelle et \u00e0 la communion des saints. Une douce consolation pour les familles en deuil. \u00ab\u00a0Un jour, nous serons tous&nbsp;<em>unum<\/em>\u00ab\u00a0, rappelle le Pape, qui avait d\u00e9j\u00e0, lors du&nbsp;<em>Regina Caeli<\/em>&nbsp;le 11&nbsp;mai, eu une pens\u00e9e pour les \u00ab\u00a0mamans d\u00e9j\u00e0 au Ciel\u00a0\u00bb. \u00ab\u00a0Une seule chose dans l\u2019unique Sauveur, \u00e9treints par l\u2019amour \u00e9ternel de Dieu. Non seulement nous, mais aussi nos p\u00e8res et nos m\u00e8res, nos grands-m\u00e8res et nos grands-p\u00e8res, nos fr\u00e8res, nos s\u0153urs et nos enfants qui nous ont d\u00e9j\u00e0 pr\u00e9c\u00e9d\u00e9s dans la lumi\u00e8re de sa P\u00e2que \u00e9ternelle\u00a0\u00bb.<\/p>\n","protected":false},"excerpt":{"rendered":"<p>Lors de la messe de cl\u00f4ture du Jubil\u00e9 des familles le 1er juin, le pape L\u00e9on XIV s\u2019est adress\u00e9 aux couples, \u00ab\u00a0le c\u0153ur plein de reconnaissance et d\u2019esp\u00e9rance\u00a0\u00bb. Dans les pas de ses pr\u00e9d\u00e9cesseurs, il a valoris\u00e9 le lien conjugal &hellip; <a href=\"https:\/\/www.afc69.fr\/?p=15564\">Continuer la lecture <span class=\"meta-nav\">&rarr;<\/span><\/a><\/p>\n","protected":false},"author":2,"featured_media":15569,"comment_status":"open","ping_status":"open","sticky":false,"template":"","format":"standard","meta":{"footnotes":""},"categories":[60],"tags":[],"class_list":["post-15564","post","type-post","status-publish","format-standard","has-post-thumbnail","hentry","category-communiques-de-presse"],"_links":{"self":[{"href":"https:\/\/www.afc69.fr\/index.php?rest_route=\/wp\/v2\/posts\/15564","targetHints":{"allow":["GET"]}}],"collection":[{"href":"https:\/\/www.afc69.fr\/index.php?rest_route=\/wp\/v2\/posts"}],"about":[{"href":"https:\/\/www.afc69.fr\/index.php?rest_route=\/wp\/v2\/types\/post"}],"author":[{"embeddable":true,"href":"https:\/\/www.afc69.fr\/index.php?rest_route=\/wp\/v2\/users\/2"}],"replies":[{"embeddable":true,"href":"https:\/\/www.afc69.fr\/index.php?rest_route=%2Fwp%2Fv2%2Fcomments&post=15564"}],"version-history":[{"count":2,"href":"https:\/\/www.afc69.fr\/index.php?rest_route=\/wp\/v2\/posts\/15564\/revisions"}],"predecessor-version":[{"id":15570,"href":"https:\/\/www.afc69.fr\/index.php?rest_route=\/wp\/v2\/posts\/15564\/revisions\/15570"}],"wp:featuredmedia":[{"embeddable":true,"href":"https:\/\/www.afc69.fr\/index.php?rest_route=\/wp\/v2\/media\/15569"}],"wp:attachment":[{"href":"https:\/\/www.afc69.fr\/index.php?rest_route=%2Fwp%2Fv2%2Fmedia&parent=15564"}],"wp:term":[{"taxonomy":"category","embeddable":true,"href":"https:\/\/www.afc69.fr\/index.php?rest_route=%2Fwp%2Fv2%2Fcategories&post=15564"},{"taxonomy":"post_tag","embeddable":true,"href":"https:\/\/www.afc69.fr\/index.php?rest_route=%2Fwp%2Fv2%2Ftags&post=15564"}],"curies":[{"name":"wp","href":"https:\/\/api.w.org\/{rel}","templated":true}]}}