{"id":15458,"date":"2025-05-23T16:44:03","date_gmt":"2025-05-23T15:44:03","guid":{"rendered":"https:\/\/www.afc69.fr\/?p=15458"},"modified":"2025-05-23T13:12:22","modified_gmt":"2025-05-23T12:12:22","slug":"article-cnafc-fin-de-vie-quelle-societe-voulons-nous","status":"publish","type":"post","link":"https:\/\/www.afc69.fr\/?p=15458","title":{"rendered":"ARTICLE CNAFC &#8211; FIN DE VIE : QUELLE SOCIETE VOULONS-NOUS ?"},"content":{"rendered":"<div class=\"wp-block-image\">\n<figure class=\"aligncenter size-large\"><a href=\"https:\/\/www.afc-france.org\/fin-de-vie\/quelle-societe-voulons-nous\/\"><img loading=\"lazy\" decoding=\"async\" width=\"1024\" height=\"637\" src=\"https:\/\/www.afc69.fr\/wp-content\/uploads\/2025\/05\/image-67-1024x637.png\" alt=\"\" class=\"wp-image-15459\" srcset=\"https:\/\/www.afc69.fr\/wp-content\/uploads\/2025\/05\/image-67-1024x637.png 1024w, https:\/\/www.afc69.fr\/wp-content\/uploads\/2025\/05\/image-67-300x186.png 300w, https:\/\/www.afc69.fr\/wp-content\/uploads\/2025\/05\/image-67-768x477.png 768w, https:\/\/www.afc69.fr\/wp-content\/uploads\/2025\/05\/image-67-483x300.png 483w, https:\/\/www.afc69.fr\/wp-content\/uploads\/2025\/05\/image-67.png 1110w\" sizes=\"auto, (max-width: 1024px) 100vw, 1024px\" \/><\/a><\/figure>\n<\/div>\n\n\n<p class=\"has-text-align-center\"><strong>Les AFC lancent une grande campagne de sensibilisation alors que le projet de loi fin est examin\u00e9 \u00e0 l\u2019Assembl\u00e9e nationale.<\/strong><\/p>\n\n\n\n<p>\u00c0 l\u2019approche de l\u2019examen du projet de loi sur la fin de vie \u00e0 l\u2019Assembl\u00e9e nationale, les Associations Familiales Catholiques (AFC) ont lanc\u00e9 une campagne nationale de sensibilisation \u00e0 destination des parlementaires et du grand public. Leur objectif : alerter sur les cons\u00e9quences de la l\u00e9galisation de l\u2019euthanasie et du suicide assist\u00e9.<\/p>\n\n\n\n<p>Plac\u00e9e sous la question \u00ab Quelle soci\u00e9t\u00e9 voulons-nous ? \u00bb, cette campagne invite \u00e0 une r\u00e9flexion collective sur les choix de soci\u00e9t\u00e9 que suppose cette \u00e9volution l\u00e9gislative.<\/p>\n\n\n\n<p>Les AFC ont con\u00e7u une s\u00e9rie de visuels illustrant des situations de souffrance v\u00e9cues, pr\u00e9sent\u00e9es sous deux angles : celui d\u2019une prise en charge fond\u00e9e sur les soins palliatifs, et celui d\u2019un traitement selon des l\u00e9gislations favorables \u00e0 l\u2019euthanasie ou au suicide assist\u00e9. Ces mises en sc\u00e8ne s\u2019appuient sur des faits r\u00e9els survenus dans des pays ayant d\u00e9j\u00e0 l\u00e9galis\u00e9 ces pratiques.<\/p>\n\n\n\n<p><a href=\"https:\/\/www.afc-france.org\/fin-de-vie\/quelle-societe-voulons-nous\/\">Fin de vie : quelle soci\u00e9t\u00e9 voulons-nous ?<\/a><\/p>\n\n\n\n<p>Par cette initiative, les AFC entendent souligner les d\u00e9rives possibles d\u2019un tel cadre juridique, qu\u2019ils estiment potentiellement n\u00e9fastes pour les patients, les familles et le syst\u00e8me de sant\u00e9 dans son ensemble.<\/p>\n\n\n\n<p>Les cinq visuels de la campagne ont \u00e9t\u00e9 adress\u00e9s par courrier \u00e0 l\u2019ensemble des parlementaires. En parall\u00e8le, ils sont \u00e9galement diffus\u00e9s sur les r\u00e9seaux sociaux afin de sensibiliser le grand public.<\/p>\n\n\n\n<h3 class=\"wp-block-heading\">Contre l\u2019euthanasie, les AFC agissent !<\/h3>\n\n\n\n<ul class=\"wp-block-list\">\n<li><a href=\"https:\/\/www.youtube.com\/watch?v=-Re7S2nn9TM\">Les souffrances cach\u00e9es de l\u2019euthanasie<\/a>\u00a0: un documentaire in\u00e9dit a \u00e9t\u00e9 tourn\u00e9 par les AFC aupr\u00e8s de personnels soignants en Belgique<\/li>\n\n\n\n<li><a href=\"https:\/\/ensemblepourlavie.afc-france.org\/\">Ensemble pour la Vie\u00a0<\/a>: c\u2019est le site lanc\u00e9 par les AFC qui permet d\u2019\u00e9crire aux parlementaires sur le sujet de la fin de vie<\/li>\n\n\n\n<li>Campagnes de sensibilisation et rencontres avec les parlementaires<\/li>\n<\/ul>\n\n\n\n<p>D\u00e9j\u00e0 en 2024 :<\/p>\n\n\n\n<ul class=\"wp-block-list\">\n<li>Les AFC ont rencontr\u00e9 la s\u00e9natrice Christine Bonfanti-Dossat, afin de pr\u00e9senter le documentaire au S\u00e9nat<\/li>\n\n\n\n<li>En mai 2024, la<a href=\"https:\/\/www.afc-france.org\/wp-content\/uploads\/2024\/05\/Communique-de-Presse-Affichage-Fin-de-vie-a-la-Mairie-de-Paris-le-retour-a-la-raison-relu-PM.pdf\">\u00a0mairie de Paris annule son affichage faisant la promotion de l\u2019euthanasie<\/a>\u00a0suite au r\u00e9f\u00e9r\u00e9 libert\u00e9 initi\u00e9 par les AFC<\/li>\n\n\n\n<li>En 2024, Les AFC ont soutenu le tractage organis\u00e9 par\u00a0<a href=\"https:\/\/faim2vie.org\/\">Faim2Vie<\/a>, l\u2019association des conventionnels oppos\u00e9s \u00e0 toutes formes d\u2019euthanasie<\/li>\n\n\n\n<li>La Conf\u00e9d\u00e9ration nationale a envoy\u00e9 les livrets\u00a0<strong><a href=\"https:\/\/www.afc-france.org\/fin-de-vie\/argumentaire-fin-de-vie\/\"><em>La fin de vie en question<\/em><\/a>\u00a0<\/strong>aux d\u00e9put\u00e9s pour qu\u2019ils se posent les bonnes questions au moment des d\u00e9bats dans l\u2019h\u00e9micycle.<\/li>\n\n\n\n<li>Une lettre sign\u00e9e par 44 m\u00e9decins a \u00e9t\u00e9 envoy\u00e9e au Conseil national de l\u2019Ordre des m\u00e9decins, pour lui demander une position ferme sur l\u2019aide \u00e0 mourir.<\/li>\n<\/ul>\n\n\n\n<p><strong>Pour donner plus d\u2019ampleur \u00e0 nos actions soutenez-nous en faisant un&nbsp;<a href=\"https:\/\/felix.afc-france.org\/don?utm_source=AFCfrance&amp;utm_medium=boutonmenu_site&amp;utm_campaign=article\">don<\/a>.<\/strong><\/p>\n","protected":false},"excerpt":{"rendered":"<p>Les AFC lancent une grande campagne de sensibilisation alors que le projet de loi fin est examin\u00e9 \u00e0 l\u2019Assembl\u00e9e nationale. \u00c0 l\u2019approche de l\u2019examen du projet de loi sur la fin de vie \u00e0 l\u2019Assembl\u00e9e nationale, les Associations Familiales Catholiques &hellip; <a href=\"https:\/\/www.afc69.fr\/?p=15458\">Continuer la lecture <span class=\"meta-nav\">&rarr;<\/span><\/a><\/p>\n","protected":false},"author":2,"featured_media":15459,"comment_status":"open","ping_status":"open","sticky":false,"template":"","format":"standard","meta":{"footnotes":""},"categories":[6,4,5,2,21,61,87,60,62],"tags":[],"class_list":["post-15458","post","type-post","status-publish","format-standard","has-post-thumbnail","hentry","category-presquile","category-rivegauche","category-irenee","category-vianney","category-_villefranche","category-actions-nationales","category-cnafc","category-communiques-de-presse","category-federation-du-rhone"],"_links":{"self":[{"href":"https:\/\/www.afc69.fr\/index.php?rest_route=\/wp\/v2\/posts\/15458","targetHints":{"allow":["GET"]}}],"collection":[{"href":"https:\/\/www.afc69.fr\/index.php?rest_route=\/wp\/v2\/posts"}],"about":[{"href":"https:\/\/www.afc69.fr\/index.php?rest_route=\/wp\/v2\/types\/post"}],"author":[{"embeddable":true,"href":"https:\/\/www.afc69.fr\/index.php?rest_route=\/wp\/v2\/users\/2"}],"replies":[{"embeddable":true,"href":"https:\/\/www.afc69.fr\/index.php?rest_route=%2Fwp%2Fv2%2Fcomments&post=15458"}],"version-history":[{"count":2,"href":"https:\/\/www.afc69.fr\/index.php?rest_route=\/wp\/v2\/posts\/15458\/revisions"}],"predecessor-version":[{"id":15466,"href":"https:\/\/www.afc69.fr\/index.php?rest_route=\/wp\/v2\/posts\/15458\/revisions\/15466"}],"wp:featuredmedia":[{"embeddable":true,"href":"https:\/\/www.afc69.fr\/index.php?rest_route=\/wp\/v2\/media\/15459"}],"wp:attachment":[{"href":"https:\/\/www.afc69.fr\/index.php?rest_route=%2Fwp%2Fv2%2Fmedia&parent=15458"}],"wp:term":[{"taxonomy":"category","embeddable":true,"href":"https:\/\/www.afc69.fr\/index.php?rest_route=%2Fwp%2Fv2%2Fcategories&post=15458"},{"taxonomy":"post_tag","embeddable":true,"href":"https:\/\/www.afc69.fr\/index.php?rest_route=%2Fwp%2Fv2%2Ftags&post=15458"}],"curies":[{"name":"wp","href":"https:\/\/api.w.org\/{rel}","templated":true}]}}