{"id":15314,"date":"2025-05-09T16:33:22","date_gmt":"2025-05-09T15:33:22","guid":{"rendered":"https:\/\/www.afc69.fr\/?p=15314"},"modified":"2025-05-09T13:41:53","modified_gmt":"2025-05-09T12:41:53","slug":"article-de-la-cnafc-wish-for-a-baby-un-salon-controverse-entre-infertilite-et-marchandisation-de-lhumain","status":"publish","type":"post","link":"https:\/\/www.afc69.fr\/?p=15314","title":{"rendered":"ARTICLE DE LA CNAFC : WISH FOR A BABY : UN SALON CONTROVERSE, ENTRE INFERTILITE ET MARCHANDISATION DE L&rsquo;HUMAIN."},"content":{"rendered":"<div class=\"wp-block-image\">\n<figure class=\"aligncenter size-large\"><a href=\"https:\/\/www.afc-france.org\/actualites\/salon-controverse-gpa\/\"><img loading=\"lazy\" decoding=\"async\" width=\"1024\" height=\"637\" src=\"https:\/\/www.afc69.fr\/wp-content\/uploads\/2025\/05\/image-22-1024x637.png\" alt=\"\" class=\"wp-image-15315\" srcset=\"https:\/\/www.afc69.fr\/wp-content\/uploads\/2025\/05\/image-22-1024x637.png 1024w, https:\/\/www.afc69.fr\/wp-content\/uploads\/2025\/05\/image-22-300x186.png 300w, https:\/\/www.afc69.fr\/wp-content\/uploads\/2025\/05\/image-22-768x477.png 768w, https:\/\/www.afc69.fr\/wp-content\/uploads\/2025\/05\/image-22-483x300.png 483w, https:\/\/www.afc69.fr\/wp-content\/uploads\/2025\/05\/image-22.png 1110w\" sizes=\"auto, (max-width: 1024px) 100vw, 1024px\" \/><\/a><\/figure>\n<\/div>\n\n\n<p class=\"has-text-align-center\">Le salon \u201cWish for a Baby\u201d promet un accompagnement \u00e0 la fertilit\u00e9 pour les couples, et promeut la GPA, pratique pourtant interdite en France.<\/p>\n\n\n\n<p>Pendant plusieurs ann\u00e9es, le salon \u201cD\u00e9sir d\u2019Enfant\u201d \u2013 connu \u00e9galement sous son nom international&nbsp;<em>Wish for a Baby<\/em>&nbsp;\u2013 s\u2019est tenu \u00e0 Paris, promettant soutien et accompagnement aux couples confront\u00e9s aux difficult\u00e9s de procr\u00e9ation. Derri\u00e8re cette fa\u00e7ade bienveillante se cachait pourtant un tout autre enjeu :&nbsp;<strong>la promotion de pratiques interdites par la l\u00e9gislation fran\u00e7aise, comme la gestation pour autrui (GPA).<\/strong><\/p>\n\n\n\n<h3 class=\"wp-block-heading\">Un salon aux multiples th\u00e9matiques, mais un message \u00e9quivoque<\/h3>\n\n\n\n<p>Pr\u00e9sent\u00e9 comme un rendez-vous d\u2019information sur les probl\u00e9matiques li\u00e9es \u00e0 la fertilit\u00e9, le salon abordait un large \u00e9ventail de sujets : SOPK, PMA, FIV, endom\u00e9triose, don de gam\u00e8tes, infertilit\u00e9 masculine, adoption ou encore d\u00e9sir d\u2019enfant apr\u00e8s 40 ans. Des conseils juridiques et des m\u00e9thodes naturelles \u00e9taient \u00e9galement propos\u00e9s.<\/p>\n\n\n\n<p><strong>Mais sous ce programme vari\u00e9, c\u2019est bien la GPA \u2013 pourtant ill\u00e9gale en France \u2013 qui s\u2019est impos\u00e9e comme l\u2019un des points centraux<\/strong>, avec la pr\u00e9sence d\u2019agences \u00e9trang\u00e8res telles que&nbsp;<em>Gestlife<\/em>, dont le slogan sans \u00e9quivoque est :&nbsp;<em>\u00ab La gestation pour autrui est notre vie \u00bb<\/em>. Un positionnement qui heurte de plein fouet l\u2019\u00e9thique fran\u00e7aise et le principe de non-marchandisation du corps humain.<\/p>\n\n\n\n<h3 class=\"wp-block-heading\">Une opposition juridique et associative d\u00e9termin\u00e9e<\/h3>\n\n\n\n<p>Face \u00e0 ce qu\u2019elles ont consid\u00e9r\u00e9 comme une offensive contre le droit fran\u00e7ais, de nombreuses associations comme&nbsp;<strong><em>Juristes pour l\u2019enfance (JPE)<\/em><\/strong>, la&nbsp;<strong><em>Conf\u00e9d\u00e9ration nationale des AFC<\/em><\/strong>,&nbsp;<strong><em>La Manif pour tous<\/em><\/strong>&nbsp;se sont mobilis\u00e9es pour emp\u00eacher la tenue de ce salon et d\u00e9noncer la promotion de la GPA.<\/p>\n\n\n\n<p><strong>D\u00e8s 2020, une s\u00e9rie d\u2019actions judiciaires est engag\u00e9e<\/strong>&nbsp;pour alerter les autorit\u00e9s sur la tenue du salon et la promotion de pratiques interdites comme la gestation pour autrui. R\u00e9f\u00e9r\u00e9s, plaintes et d\u00e9cisions de justice s\u2019encha\u00eenent, notamment pour faire bloquer l\u2019acc\u00e8s \u00e0 des sites sp\u00e9cialis\u00e9s dans la GPA.<\/p>\n\n\n\n<p>Finalement, en 2025,&nbsp;<strong>les organisateurs renoncent \u00e0 tenir l\u2019\u00e9v\u00e9nement en France<\/strong>, marquant la fin d\u2019un salon devenu symbole d\u2019un affrontement \u00e9thique majeur.<\/p>\n\n\n\n<h3 class=\"wp-block-heading\">Un tournant d\u00e9cisif ?<\/h3>\n\n\n\n<p>Le retrait du salon \u201cWish for a Baby\u201d marque un point d\u2019arr\u00eat \u00e0 des ann\u00e9es de tensions autour d\u2019un \u00e9v\u00e9nement controvers\u00e9. S\u2019il reste possible que ce type d\u2019offres refasse surface sous d\u2019autres formes, le message envoy\u00e9 par les juridictions fran\u00e7aises et les associations est clair :&nbsp;<strong>la marchandisation du corps humain n\u2019a pas sa place dans l\u2019Hexagone<\/strong>.<\/p>\n","protected":false},"excerpt":{"rendered":"<p>Le salon \u201cWish for a Baby\u201d promet un accompagnement \u00e0 la fertilit\u00e9 pour les couples, et promeut la GPA, pratique pourtant interdite en France. Pendant plusieurs ann\u00e9es, le salon \u201cD\u00e9sir d\u2019Enfant\u201d \u2013 connu \u00e9galement sous son nom international&nbsp;Wish for a &hellip; <a href=\"https:\/\/www.afc69.fr\/?p=15314\">Continuer la lecture <span class=\"meta-nav\">&rarr;<\/span><\/a><\/p>\n","protected":false},"author":2,"featured_media":15315,"comment_status":"open","ping_status":"open","sticky":false,"template":"","format":"standard","meta":{"footnotes":""},"categories":[87,60],"tags":[],"class_list":["post-15314","post","type-post","status-publish","format-standard","has-post-thumbnail","hentry","category-cnafc","category-communiques-de-presse"],"_links":{"self":[{"href":"https:\/\/www.afc69.fr\/index.php?rest_route=\/wp\/v2\/posts\/15314","targetHints":{"allow":["GET"]}}],"collection":[{"href":"https:\/\/www.afc69.fr\/index.php?rest_route=\/wp\/v2\/posts"}],"about":[{"href":"https:\/\/www.afc69.fr\/index.php?rest_route=\/wp\/v2\/types\/post"}],"author":[{"embeddable":true,"href":"https:\/\/www.afc69.fr\/index.php?rest_route=\/wp\/v2\/users\/2"}],"replies":[{"embeddable":true,"href":"https:\/\/www.afc69.fr\/index.php?rest_route=%2Fwp%2Fv2%2Fcomments&post=15314"}],"version-history":[{"count":3,"href":"https:\/\/www.afc69.fr\/index.php?rest_route=\/wp\/v2\/posts\/15314\/revisions"}],"predecessor-version":[{"id":15336,"href":"https:\/\/www.afc69.fr\/index.php?rest_route=\/wp\/v2\/posts\/15314\/revisions\/15336"}],"wp:featuredmedia":[{"embeddable":true,"href":"https:\/\/www.afc69.fr\/index.php?rest_route=\/wp\/v2\/media\/15315"}],"wp:attachment":[{"href":"https:\/\/www.afc69.fr\/index.php?rest_route=%2Fwp%2Fv2%2Fmedia&parent=15314"}],"wp:term":[{"taxonomy":"category","embeddable":true,"href":"https:\/\/www.afc69.fr\/index.php?rest_route=%2Fwp%2Fv2%2Fcategories&post=15314"},{"taxonomy":"post_tag","embeddable":true,"href":"https:\/\/www.afc69.fr\/index.php?rest_route=%2Fwp%2Fv2%2Ftags&post=15314"}],"curies":[{"name":"wp","href":"https:\/\/api.w.org\/{rel}","templated":true}]}}