{"id":15284,"date":"2025-05-09T16:35:38","date_gmt":"2025-05-09T15:35:38","guid":{"rendered":"https:\/\/www.afc69.fr\/?p=15284"},"modified":"2025-05-09T13:27:09","modified_gmt":"2025-05-09T12:27:09","slug":"article-cnafc-la-loi-sur-le-droit-a-laide-a-mourir","status":"publish","type":"post","link":"https:\/\/www.afc69.fr\/?p=15284","title":{"rendered":"ARTICLE CNAFC &#8211; LA LOI SUR LE DROIT A L&rsquo;AIDE A MOURIR."},"content":{"rendered":"<div class=\"wp-block-image\">\n<figure class=\"aligncenter size-large is-resized\"><a href=\"https:\/\/www.afc-france.org\/actualites\/droit-aide-a-mourir\/\"><img loading=\"lazy\" decoding=\"async\" width=\"1024\" height=\"637\" src=\"https:\/\/www.afc69.fr\/wp-content\/uploads\/2025\/05\/image-11-1024x637.png\" alt=\"\" class=\"wp-image-15285\" style=\"width:454px;height:auto\" srcset=\"https:\/\/www.afc69.fr\/wp-content\/uploads\/2025\/05\/image-11-1024x637.png 1024w, https:\/\/www.afc69.fr\/wp-content\/uploads\/2025\/05\/image-11-300x186.png 300w, https:\/\/www.afc69.fr\/wp-content\/uploads\/2025\/05\/image-11-768x477.png 768w, https:\/\/www.afc69.fr\/wp-content\/uploads\/2025\/05\/image-11-483x300.png 483w, https:\/\/www.afc69.fr\/wp-content\/uploads\/2025\/05\/image-11.png 1110w\" sizes=\"auto, (max-width: 1024px) 100vw, 1024px\" \/><\/a><\/figure>\n<\/div>\n\n\n<p class=\"has-text-align-center\"><strong>Alors que le texte sur \u201cle droit \u00e0 l\u2019aide \u00e0 mourir\u201d arrive le 12 mai prochain \u00e0 l\u2019Assembl\u00e9e, Pascale Morini\u00e8re en d\u00e9crypte les enjeux sur RCF.<\/strong><\/p>\n\n\n\n<p>Une intervention de Pascale Morini\u00e8re&nbsp;<a href=\"https:\/\/www.rcf.fr\/points-de-vue\/la-chronique-des-afc\">\u00e0 \u00e9couter sur RCF&nbsp;<\/a><\/p>\n\n\n\n<p><strong>La commission des affaires sociales de l\u2019Assembl\u00e9e a achev\u00e9 l\u2019examen du texte sur \u00ab&nbsp;le droit \u00e0 l\u2019aide \u00e0 mourir&nbsp;\u00bb. O\u00f9 en sommes-nous&nbsp;?<\/strong><\/p>\n\n\n\n<p>Ce texte arrivera en discussion dans l\u2019h\u00e9micycle lundi prochain, le 12 mai avec le texte sur les soins palliatifs. Ces 2 textes seront examin\u00e9s ensemble puis se concluront par un vote solennel le 27 mai.<\/p>\n\n\n\n<p>Apr\u00e8s cette premi\u00e8re lecture, le S\u00e9nat examinera \u00e0 son tour les textes en premi\u00e8re lecture. Ils reviendront ensuite \u00e0 l\u2019Assembl\u00e9e pour une seconde lecture, puis au S\u00e9nat. Nous ne sommes qu\u2019au d\u00e9but d\u2019un long processus l\u00e9gislatif.<\/p>\n\n\n\n<p><strong>Et que pensez-vous du texte sur l\u2019aide \u00e0 mourir&nbsp;?<\/strong><\/p>\n\n\n\n<p>Ce texte est tr\u00e8s inqui\u00e9tant et d\u2019une grande violence pour toutes les personnes fragilis\u00e9es. Il s\u2019agit en l\u2019\u00e9tat du texte le plus permissif au monde&nbsp;!<\/p>\n\n\n\n<p>Tout d\u2019abord, les conditions m\u00e9dicales d\u2019acc\u00e8s&nbsp;permettent d\u2019y inclure de tr\u00e8s nombreuses pathologies d\u00e8s le diagnostic pos\u00e9 ce d\u2019autant qu\u2019il n\u2019existe pas de d\u00e9finition pr\u00e9cise de ce qui constitue la&nbsp;<em>phase avanc\u00e9e&nbsp;<\/em>d\u2019une maladie<em>.&nbsp;<\/em>Pourront par exemple \u00eatre concern\u00e9s les cancers, les maladies neuro d\u00e9g\u00e9n\u00e9ratives, Parkinson, Alzheimer, l\u2019insuffisance cardiaque ou r\u00e9nale, le diab\u00e8te, la scl\u00e9rose en plaques, les maladies auto-immunes etc\u2026<\/p>\n\n\n\n<p>Les contr\u00f4les ne pourront avoir lieu qu\u2019\u00e0 posteriori, c\u2019est-\u00e0-dire une fois la personne d\u00e9c\u00e9d\u00e9e.<\/p>\n\n\n\n<p>On pr\u00e9voit de punir toute opposition au suicide assist\u00e9 ou \u00e0 l\u2019euthanasie d\u2019un an de prison et 15&nbsp;000\u20ac d\u2019amende mais, en revanche aucun d\u00e9lit d\u2019incitation \u00e0 recourir \u00e0 l\u2019aide \u00e0 mourir n\u2019a \u00e9t\u00e9 pr\u00e9vu.<\/p>\n\n\n\n<p>Aucune clause de conscience explicite n\u2019est envisag\u00e9e, en particulier pour les infirmiers ou les pharmaciens, moins prot\u00e9g\u00e9s que les m\u00e9decins.<\/p>\n\n\n\n<p>Et le patient pourra choisir \u00e0 la carte entre suicide assist\u00e9 et euthanasie.<\/p>\n\n\n\n<p><strong>Quelles pourraient \u00eatre les cons\u00e9quences&nbsp;?<\/strong><\/p>\n\n\n\n<p>Tout d\u2019abord une absence de fronti\u00e8re entre soins et aide \u00e0 mourir avec une perte de confiance envers les soignants. Mais aussi, comme dans les autres pays, un \u00e9largissement des conditions d\u2019acc\u00e8s pour les mineurs, les malades psy, l\u2019inscription dans les directives anticip\u00e9es etc\u2026 En m\u00eame temps et sous la pression du vieillissement de la population, la tentation de faire des \u00e9conomies sur la fin de vie alors que les soins palliatifs sont on\u00e9reux.<\/p>\n\n\n\n<p>J\u2019invite les auditeurs \u00e0 \u00e9crire \u00e0 leur d\u00e9put\u00e9 avec le site&nbsp;<a href=\"https:\/\/ensemblepourlavie.afc-france.org\/\">Ensemblepourlavie<\/a>&nbsp;et \u00e0 prier avec la neuvaine en cours sur&nbsp;<a href=\"https:\/\/hozana.org\/community\/12518-pour-une-societe-qui-protege-la-vie?origin=all-communities-list\">Hozana<\/a>.<\/p>\n\n\n\n<p><a href=\"https:\/\/www.afc-france.org\/actualites\/droit-aide-a-mourir\/\">La loi sur le droit \u00e0 l&rsquo;aide \u00e0 mourir<\/a><\/p>\n","protected":false},"excerpt":{"rendered":"<p>Alors que le texte sur \u201cle droit \u00e0 l\u2019aide \u00e0 mourir\u201d arrive le 12 mai prochain \u00e0 l\u2019Assembl\u00e9e, Pascale Morini\u00e8re en d\u00e9crypte les enjeux sur RCF. Une intervention de Pascale Morini\u00e8re&nbsp;\u00e0 \u00e9couter sur RCF&nbsp; La commission des affaires sociales de &hellip; <a href=\"https:\/\/www.afc69.fr\/?p=15284\">Continuer la lecture <span class=\"meta-nav\">&rarr;<\/span><\/a><\/p>\n","protected":false},"author":2,"featured_media":15285,"comment_status":"open","ping_status":"open","sticky":false,"template":"","format":"standard","meta":{"footnotes":""},"categories":[87,60],"tags":[],"class_list":["post-15284","post","type-post","status-publish","format-standard","has-post-thumbnail","hentry","category-cnafc","category-communiques-de-presse"],"_links":{"self":[{"href":"https:\/\/www.afc69.fr\/index.php?rest_route=\/wp\/v2\/posts\/15284","targetHints":{"allow":["GET"]}}],"collection":[{"href":"https:\/\/www.afc69.fr\/index.php?rest_route=\/wp\/v2\/posts"}],"about":[{"href":"https:\/\/www.afc69.fr\/index.php?rest_route=\/wp\/v2\/types\/post"}],"author":[{"embeddable":true,"href":"https:\/\/www.afc69.fr\/index.php?rest_route=\/wp\/v2\/users\/2"}],"replies":[{"embeddable":true,"href":"https:\/\/www.afc69.fr\/index.php?rest_route=%2Fwp%2Fv2%2Fcomments&post=15284"}],"version-history":[{"count":1,"href":"https:\/\/www.afc69.fr\/index.php?rest_route=\/wp\/v2\/posts\/15284\/revisions"}],"predecessor-version":[{"id":15286,"href":"https:\/\/www.afc69.fr\/index.php?rest_route=\/wp\/v2\/posts\/15284\/revisions\/15286"}],"wp:featuredmedia":[{"embeddable":true,"href":"https:\/\/www.afc69.fr\/index.php?rest_route=\/wp\/v2\/media\/15285"}],"wp:attachment":[{"href":"https:\/\/www.afc69.fr\/index.php?rest_route=%2Fwp%2Fv2%2Fmedia&parent=15284"}],"wp:term":[{"taxonomy":"category","embeddable":true,"href":"https:\/\/www.afc69.fr\/index.php?rest_route=%2Fwp%2Fv2%2Fcategories&post=15284"},{"taxonomy":"post_tag","embeddable":true,"href":"https:\/\/www.afc69.fr\/index.php?rest_route=%2Fwp%2Fv2%2Ftags&post=15284"}],"curies":[{"name":"wp","href":"https:\/\/api.w.org\/{rel}","templated":true}]}}