{"id":15267,"date":"2025-05-09T16:37:04","date_gmt":"2025-05-09T15:37:04","guid":{"rendered":"https:\/\/www.afc69.fr\/?p=15267"},"modified":"2025-05-09T13:40:29","modified_gmt":"2025-05-09T12:40:29","slug":"article-cnafc-du-5-mai-directives-anticipees-de-quoi-parle-t-on","status":"publish","type":"post","link":"https:\/\/www.afc69.fr\/?p=15267","title":{"rendered":"ARTICLE CNAFC DU 5 MAI \u00ab\u00a0DIRECTIVES ANTICIPEES : DE QUOI PARLE-T-ON ?\u00a0\u00bb"},"content":{"rendered":"<div class=\"wp-block-image\">\n<figure class=\"aligncenter size-large is-resized\"><a href=\"https:\/\/www.afc69.fr\/wp-content\/uploads\/2025\/05\/image-6.png\"><img loading=\"lazy\" decoding=\"async\" width=\"1024\" height=\"637\" src=\"https:\/\/www.afc69.fr\/wp-content\/uploads\/2025\/05\/image-6-1024x637.png\" alt=\"\" class=\"wp-image-15268\" style=\"width:407px;height:auto\" srcset=\"https:\/\/www.afc69.fr\/wp-content\/uploads\/2025\/05\/image-6-1024x637.png 1024w, https:\/\/www.afc69.fr\/wp-content\/uploads\/2025\/05\/image-6-300x186.png 300w, https:\/\/www.afc69.fr\/wp-content\/uploads\/2025\/05\/image-6-768x477.png 768w, https:\/\/www.afc69.fr\/wp-content\/uploads\/2025\/05\/image-6-483x300.png 483w, https:\/\/www.afc69.fr\/wp-content\/uploads\/2025\/05\/image-6.png 1110w\" sizes=\"auto, (max-width: 1024px) 100vw, 1024px\" \/><\/a><\/figure>\n<\/div>\n\n\n<p class=\"has-text-align-center\"><strong>Exprimer ses volont\u00e9s m\u00e9dicales avant qu\u2019il ne soit trop tard : c\u2019est tout l\u2019enjeu des directives anticip\u00e9es, un outil encore m\u00e9connu mais essentiel pour rester ma\u00eetre de ses choix.<\/strong><\/p>\n\n\n\n<p>Les directives anticip\u00e9es sont le recueil des volont\u00e9s d\u2019une personne, qui les \u00e9crit en pr\u00e9vision du jour o\u00f9 elle ne peut plus le faire elle-m\u00eame. Elles y expriment, par avance, la volont\u00e9 de poursuivre, limiter, arr\u00eater ou refuser des traitements ou actes m\u00e9dicaux.<\/p>\n\n\n\n<p>Les directives anticip\u00e9es ne sont sollicit\u00e9es que lorsque la personne est incapable de s\u2019exprimer sur ses choix m\u00e9dicaux. Si elle est en \u00e9tat de communiquer, son avis direct est privil\u00e9gi\u00e9.<\/p>\n\n\n\n<p>L\u2019objectif de ces directives est de guider les m\u00e9decins dans leurs d\u00e9cisions. Elles s\u2019imposent aux professionnels de sant\u00e9, qui doivent les appliquer, sauf dans deux situations tr\u00e8s pr\u00e9cises : en cas d\u2019urgence vitale \u2013 o\u00f9 il est n\u00e9cessaire d\u2019agir rapidement avant de prendre le temps d\u2019\u00e9valuer les volont\u00e9s de la personne ; lorsqu\u2019elles sont jug\u00e9es inadapt\u00e9es ou non conformes \u00e0 l\u2019\u00e9tat de sant\u00e9 du patient.<\/p>\n\n\n\n<p>Pour les r\u00e9diger, il est possible de remplir un mod\u00e8le ou de r\u00e9diger un document libre. Celui-ci doit pr\u00e9ciser l\u2019identit\u00e9 de la personne, ses volont\u00e9s concernant les traitements m\u00e9dicaux \u00e0 la fin de sa vie (poursuite, limitation, arr\u00eat ou refus de soins) ainsi qu\u2019une signature et une date de r\u00e9daction.<\/p>\n\n\n\n<p>Bien que rien ne soit pr\u00e9cis\u00e9 \u00e0 ce sujet dans la loi, il est conseill\u00e9 d\u2019\u00e9changer sur ses choix, avec sa famille et\/ou une personne de confiance, ainsi qu\u2019avec un m\u00e9decin.<\/p>\n\n\n\n<p>Un livret d\u00e9taillant ces d\u00e9marches, ainsi que les r\u00f4les de la personne de confiance, est en cours de pr\u00e9paration par la CNAFC (Conf\u00e9d\u00e9ration Nationale des AFC).<\/p>\n\n\n\n<p><a href=\"https:\/\/www.afc-france.org\/sante\/directives-anticipees\/\">Directives anticip\u00e9es : de quoi parle-t-on ?<\/a><\/p>\n","protected":false},"excerpt":{"rendered":"<p>Exprimer ses volont\u00e9s m\u00e9dicales avant qu\u2019il ne soit trop tard : c\u2019est tout l\u2019enjeu des directives anticip\u00e9es, un outil encore m\u00e9connu mais essentiel pour rester ma\u00eetre de ses choix. Les directives anticip\u00e9es sont le recueil des volont\u00e9s d\u2019une personne, qui &hellip; <a href=\"https:\/\/www.afc69.fr\/?p=15267\">Continuer la lecture <span class=\"meta-nav\">&rarr;<\/span><\/a><\/p>\n","protected":false},"author":2,"featured_media":15268,"comment_status":"open","ping_status":"open","sticky":false,"template":"","format":"standard","meta":{"footnotes":""},"categories":[87,60],"tags":[],"class_list":["post-15267","post","type-post","status-publish","format-standard","has-post-thumbnail","hentry","category-cnafc","category-communiques-de-presse"],"_links":{"self":[{"href":"https:\/\/www.afc69.fr\/index.php?rest_route=\/wp\/v2\/posts\/15267","targetHints":{"allow":["GET"]}}],"collection":[{"href":"https:\/\/www.afc69.fr\/index.php?rest_route=\/wp\/v2\/posts"}],"about":[{"href":"https:\/\/www.afc69.fr\/index.php?rest_route=\/wp\/v2\/types\/post"}],"author":[{"embeddable":true,"href":"https:\/\/www.afc69.fr\/index.php?rest_route=\/wp\/v2\/users\/2"}],"replies":[{"embeddable":true,"href":"https:\/\/www.afc69.fr\/index.php?rest_route=%2Fwp%2Fv2%2Fcomments&post=15267"}],"version-history":[{"count":3,"href":"https:\/\/www.afc69.fr\/index.php?rest_route=\/wp\/v2\/posts\/15267\/revisions"}],"predecessor-version":[{"id":15335,"href":"https:\/\/www.afc69.fr\/index.php?rest_route=\/wp\/v2\/posts\/15267\/revisions\/15335"}],"wp:featuredmedia":[{"embeddable":true,"href":"https:\/\/www.afc69.fr\/index.php?rest_route=\/wp\/v2\/media\/15268"}],"wp:attachment":[{"href":"https:\/\/www.afc69.fr\/index.php?rest_route=%2Fwp%2Fv2%2Fmedia&parent=15267"}],"wp:term":[{"taxonomy":"category","embeddable":true,"href":"https:\/\/www.afc69.fr\/index.php?rest_route=%2Fwp%2Fv2%2Fcategories&post=15267"},{"taxonomy":"post_tag","embeddable":true,"href":"https:\/\/www.afc69.fr\/index.php?rest_route=%2Fwp%2Fv2%2Ftags&post=15267"}],"curies":[{"name":"wp","href":"https:\/\/api.w.org\/{rel}","templated":true}]}}