{"id":15162,"date":"2025-04-18T16:33:12","date_gmt":"2025-04-18T15:33:12","guid":{"rendered":"https:\/\/www.afc69.fr\/?p=15162"},"modified":"2025-04-18T13:49:05","modified_gmt":"2025-04-18T12:49:05","slug":"conference-derwan-le-morhedec-a-ecouter-en-ligne-esperer-pour-la-fin-de-vie","status":"publish","type":"post","link":"https:\/\/www.afc69.fr\/?p=15162","title":{"rendered":"CONFERENCE D&rsquo;ERWAN LE MORHEDEC A ECOUTER EN LIGNE : \u00ab\u00a0ESPERER POUR LA FIN DE VIE ?\u00a0\u00bb"},"content":{"rendered":"<div class=\"wp-block-image\">\n<figure class=\"aligncenter size-full\"><a href=\"https:\/\/www.youtube.com\/watch?v=wHgo9XTA2K4\"><img loading=\"lazy\" decoding=\"async\" width=\"559\" height=\"320\" src=\"https:\/\/www.afc69.fr\/wp-content\/uploads\/2025\/04\/image-34.png\" alt=\"\" class=\"wp-image-15163\" srcset=\"https:\/\/www.afc69.fr\/wp-content\/uploads\/2025\/04\/image-34.png 559w, https:\/\/www.afc69.fr\/wp-content\/uploads\/2025\/04\/image-34-300x172.png 300w, https:\/\/www.afc69.fr\/wp-content\/uploads\/2025\/04\/image-34-500x286.png 500w\" sizes=\"auto, (max-width: 559px) 100vw, 559px\" \/><\/a><\/figure>\n<\/div>\n\n\n<p><a href=\"https:\/\/www.youtube.com\/watch?v=wHgo9XTA2K4\">T\u00e9moins d&rsquo;esp\u00e9rance &#8211; Esp\u00e9rer pour la fin de vie<\/a><\/p>\n","protected":false},"excerpt":{"rendered":"<p>T\u00e9moins d&rsquo;esp\u00e9rance &#8211; Esp\u00e9rer pour la fin de vie<\/p>\n","protected":false},"author":2,"featured_media":15163,"comment_status":"open","ping_status":"open","sticky":false,"template":"","format":"standard","meta":{"footnotes":""},"categories":[22],"tags":[],"class_list":["post-15162","post","type-post","status-publish","format-standard","has-post-thumbnail","hentry","category-conferences"],"_links":{"self":[{"href":"https:\/\/www.afc69.fr\/index.php?rest_route=\/wp\/v2\/posts\/15162","targetHints":{"allow":["GET"]}}],"collection":[{"href":"https:\/\/www.afc69.fr\/index.php?rest_route=\/wp\/v2\/posts"}],"about":[{"href":"https:\/\/www.afc69.fr\/index.php?rest_route=\/wp\/v2\/types\/post"}],"author":[{"embeddable":true,"href":"https:\/\/www.afc69.fr\/index.php?rest_route=\/wp\/v2\/users\/2"}],"replies":[{"embeddable":true,"href":"https:\/\/www.afc69.fr\/index.php?rest_route=%2Fwp%2Fv2%2Fcomments&post=15162"}],"version-history":[{"count":1,"href":"https:\/\/www.afc69.fr\/index.php?rest_route=\/wp\/v2\/posts\/15162\/revisions"}],"predecessor-version":[{"id":15164,"href":"https:\/\/www.afc69.fr\/index.php?rest_route=\/wp\/v2\/posts\/15162\/revisions\/15164"}],"wp:featuredmedia":[{"embeddable":true,"href":"https:\/\/www.afc69.fr\/index.php?rest_route=\/wp\/v2\/media\/15163"}],"wp:attachment":[{"href":"https:\/\/www.afc69.fr\/index.php?rest_route=%2Fwp%2Fv2%2Fmedia&parent=15162"}],"wp:term":[{"taxonomy":"category","embeddable":true,"href":"https:\/\/www.afc69.fr\/index.php?rest_route=%2Fwp%2Fv2%2Fcategories&post=15162"},{"taxonomy":"post_tag","embeddable":true,"href":"https:\/\/www.afc69.fr\/index.php?rest_route=%2Fwp%2Fv2%2Ftags&post=15162"}],"curies":[{"name":"wp","href":"https:\/\/api.w.org\/{rel}","templated":true}]}}