{"id":15105,"date":"2025-04-11T16:45:52","date_gmt":"2025-04-11T15:45:52","guid":{"rendered":"https:\/\/www.afc69.fr\/?p=15105"},"modified":"2025-04-11T15:09:26","modified_gmt":"2025-04-11T14:09:26","slug":"communique-de-presse-assemblee-generale-des-afc","status":"publish","type":"post","link":"https:\/\/www.afc69.fr\/?p=15105","title":{"rendered":"COMMUNIQUE DE PRESSE : ASSEMBLEE GENERALE DES AFC."},"content":{"rendered":"<div class=\"wp-block-image\">\n<figure class=\"aligncenter size-full\"><a href=\"https:\/\/www.afc-france.org\/wp-content\/uploads\/2025\/04\/Communique_de_presse_Assemblee-generale-de-la-confederation-annee-elective_VF-1.pdf\"><img loading=\"lazy\" decoding=\"async\" width=\"191\" height=\"178\" src=\"https:\/\/www.afc69.fr\/wp-content\/uploads\/2025\/04\/image-19.png\" alt=\"\" class=\"wp-image-15106\"\/><\/a><\/figure>\n<\/div>\n\n\n<p>La CNAFC a tenu son assembl\u00e9e g\u00e9n\u00e9rale annuelle ce samedi 5 avril au foyer Ad\u00e8le Picot \u00e0 Paris 6\u00e8me. A l\u2019issue du renouvellement partiel de son Conseil d\u2019administration, Mme Pascale MORINIERE a \u00e9t\u00e9 reconduite dans son mandat de pr\u00e9sidente accompagn\u00e9e d\u2019un nouveau bureau compos\u00e9 de M Laurent GIRY (Secr\u00e9taire g\u00e9n\u00e9ral), M Jean-Baptiste LECOEUR (Tr\u00e9sorier), Mme B\u00e9n\u00e9dicte BRETECHE et MM Jean-Joseph BODET et Antoine HARMEL (vice-pr\u00e9sidents), et Mme Anne LESCUYER (membre). M J\u00e9r\u00f4me Husson et le P\u00e8re Pierre Machenaud restent respectivement d\u00e9l\u00e9gu\u00e9 g\u00e9n\u00e9ral et conseiller eccl\u00e9siastique de l\u2019organisation.<\/p>\n\n\n\n<p><br>La pr\u00e9sidente a rappel\u00e9 la mission des AFC : \u00ab Nous poursuivons un id\u00e9al : celui d\u2019une soci\u00e9t\u00e9 qui serait r\u00e9gie par l\u2019Enseignement social de l\u2019Eglise, o\u00f9 la famille serait la cellule de base de la soci\u00e9t\u00e9 ; famille elle-m\u00eame fond\u00e9e sur le mariage d\u2019un homme et d\u2019une femme fid\u00e8les, durable, ouvert \u00e0 la vie ; soci\u00e9t\u00e9 qui reconnaitrait les parents comme les premiers et principaux \u00e9ducateurs de leurs enfants m\u00eame s\u2019ils ne sont pas les seuls. Et soci\u00e9t\u00e9 o\u00f9 la dignit\u00e9 de la personne humaine de sa conception \u00e0 sa mort naturelle serait pleinement<br>respect\u00e9e. \u00bb<\/p>\n\n\n\n<p><br>L\u2019Assembl\u00e9e G\u00e9n\u00e9rale fut pr\u00e9c\u00e9d\u00e9e d\u2019une conf\u00e9rence donn\u00e9e par le professeur Jean-Didier Lecaillon sur le th\u00e8me de \u00ab La Famille au c\u0153ur de l\u2019\u00e9conomie \u00bb. Le conf\u00e9rencier, auteur d\u2019un livre \u00e9ponyme, a expliqu\u00e9 le lien entre activit\u00e9 \u00e9conomique et famille, rappelant que la famille est l\u2019unit\u00e9 \u00e9conomique de base et non un facteur parmi d\u2019autres.<\/p>\n\n\n\n<p><a href=\"https:\/\/www.afc-france.org\/wp-content\/uploads\/2025\/04\/Communique_de_presse_Assemblee-generale-de-la-confederation-annee-elective_VF-1.pdf\">Communique_de_presse_Assemblee-generale-de-la-confederation-annee-elective_VF-1.pdf<\/a><\/p>\n","protected":false},"excerpt":{"rendered":"<p>La CNAFC a tenu son assembl\u00e9e g\u00e9n\u00e9rale annuelle ce samedi 5 avril au foyer Ad\u00e8le Picot \u00e0 Paris 6\u00e8me. A l\u2019issue du renouvellement partiel de son Conseil d\u2019administration, Mme Pascale MORINIERE a \u00e9t\u00e9 reconduite dans son mandat de pr\u00e9sidente accompagn\u00e9e &hellip; <a href=\"https:\/\/www.afc69.fr\/?p=15105\">Continuer la lecture <span class=\"meta-nav\">&rarr;<\/span><\/a><\/p>\n","protected":false},"author":2,"featured_media":15106,"comment_status":"open","ping_status":"open","sticky":false,"template":"","format":"standard","meta":{"footnotes":""},"categories":[6,4,5,2,21,87,60],"tags":[],"class_list":["post-15105","post","type-post","status-publish","format-standard","has-post-thumbnail","hentry","category-presquile","category-rivegauche","category-irenee","category-vianney","category-_villefranche","category-cnafc","category-communiques-de-presse"],"_links":{"self":[{"href":"https:\/\/www.afc69.fr\/index.php?rest_route=\/wp\/v2\/posts\/15105","targetHints":{"allow":["GET"]}}],"collection":[{"href":"https:\/\/www.afc69.fr\/index.php?rest_route=\/wp\/v2\/posts"}],"about":[{"href":"https:\/\/www.afc69.fr\/index.php?rest_route=\/wp\/v2\/types\/post"}],"author":[{"embeddable":true,"href":"https:\/\/www.afc69.fr\/index.php?rest_route=\/wp\/v2\/users\/2"}],"replies":[{"embeddable":true,"href":"https:\/\/www.afc69.fr\/index.php?rest_route=%2Fwp%2Fv2%2Fcomments&post=15105"}],"version-history":[{"count":1,"href":"https:\/\/www.afc69.fr\/index.php?rest_route=\/wp\/v2\/posts\/15105\/revisions"}],"predecessor-version":[{"id":15107,"href":"https:\/\/www.afc69.fr\/index.php?rest_route=\/wp\/v2\/posts\/15105\/revisions\/15107"}],"wp:featuredmedia":[{"embeddable":true,"href":"https:\/\/www.afc69.fr\/index.php?rest_route=\/wp\/v2\/media\/15106"}],"wp:attachment":[{"href":"https:\/\/www.afc69.fr\/index.php?rest_route=%2Fwp%2Fv2%2Fmedia&parent=15105"}],"wp:term":[{"taxonomy":"category","embeddable":true,"href":"https:\/\/www.afc69.fr\/index.php?rest_route=%2Fwp%2Fv2%2Fcategories&post=15105"},{"taxonomy":"post_tag","embeddable":true,"href":"https:\/\/www.afc69.fr\/index.php?rest_route=%2Fwp%2Fv2%2Ftags&post=15105"}],"curies":[{"name":"wp","href":"https:\/\/api.w.org\/{rel}","templated":true}]}}