{"id":15101,"date":"2025-04-11T16:23:41","date_gmt":"2025-04-11T15:23:41","guid":{"rendered":"https:\/\/www.afc69.fr\/?p=15101"},"modified":"2025-04-11T13:47:23","modified_gmt":"2025-04-11T12:47:23","slug":"communique-de-presse-de-la-cnafc-les-afc-en-faveur-de-la-suppression-des-zfe","status":"publish","type":"post","link":"https:\/\/www.afc69.fr\/?p=15101","title":{"rendered":"COMMUNIQUE DE PRESSE DE LA CNAFC : Les AFC en faveur de la suppression des ZFE."},"content":{"rendered":"<div class=\"wp-block-image\">\n<figure class=\"aligncenter size-full\"><a href=\"https:\/\/www.afc-france.org\/wp-content\/uploads\/2025\/04\/Communique_de_presse_Consommation-ZFE_VF.pdf\"><img loading=\"lazy\" decoding=\"async\" width=\"191\" height=\"178\" src=\"https:\/\/www.afc69.fr\/wp-content\/uploads\/2025\/04\/image-18.png\" alt=\"\" class=\"wp-image-15102\"\/><\/a><\/figure>\n<\/div>\n\n\n<p>La Conf\u00e9d\u00e9ration Nationale des Associations Familiales Catholiques (CNAFC), agr\u00e9\u00e9e comme association de consommateurs, salue l\u2019adoption en commission sp\u00e9ciale de deux amendements identiques le vendredi 26 mars \u00e0 l\u2019Assembl\u00e9e Nationale, int\u00e9gr\u00e9s au projet de loi de simplification de la vie \u00e9conomique : &#8211; le texte supprimant les zones \u00e0 faibles \u00e9missions (ZFE) devra d\u00e9sormais \u00eatre valid\u00e9 en s\u00e9ance publique \u00e0 l\u2019Assembl\u00e9e<br>nationale, puis adopt\u00e9 dans les m\u00eames termes par le S\u00e9nat.<\/p>\n\n\n\n<p><br>D\u00e9j\u00e0 11 millions de v\u00e9hicules \u2013 soit 29 % du parc automobile \u2013 voient leur circulation restreinte ou bannie de nombreuses agglom\u00e9rations. D\u2019ici 2028, 65 % des voitures actuelles pourraient \u00eatre concern\u00e9es. Les premi\u00e8res victimes sont les familles modestes, en particulier les familles nombreuses, qui n\u2019ont ni les moyens d\u2019acheter un v\u00e9hicule<br>neuf, ni acc\u00e8s \u00e0 suffisamment de transports en commun, surtout en zones p\u00e9riurbaines ou rurales. Pr\u00e8s de la moiti\u00e9 des voitures des m\u00e9nages les plus modestes sont class\u00e9es Crit\u2019Air 3 ou plus : elles deviennent donc inutilisables, bien que souvent encore en parfait \u00e9tat de<br>fonctionnement.<br>Ces contraintes d\u00e9valorisent le patrimoine des foyers, complexifient la vie quotidienne et restreignent les d\u00e9placements pourtant essentiels (travail, soins m\u00e9dicaux, vie familiale\u2026).<br>Si la lutte contre la pollution de l\u2019air est un objectif l\u00e9gitime, les ZFE ne constituent pas pour autant une r\u00e9ponse pertinente. La circulation automobile ne repr\u00e9sente que 15 % des \u00e9missions de particules, moins que l\u2019industrie et que le chauffage r\u00e9sidentiel.<br>En cons\u00e9quent, la CNAFC plaide pour une transition \u00e9cologique respectueuse des r\u00e9alit\u00e9s sociales et de la libert\u00e9 de circulation des familles.<\/p>\n\n\n\n<p><a href=\"https:\/\/www.afc-france.org\/wp-content\/uploads\/2025\/04\/Communique_de_presse_Consommation-ZFE_VF.pdf\">Communique_de_presse_Consommation-ZFE_VF.pdf<\/a><\/p>\n","protected":false},"excerpt":{"rendered":"<p>La Conf\u00e9d\u00e9ration Nationale des Associations Familiales Catholiques (CNAFC), agr\u00e9\u00e9e comme association de consommateurs, salue l\u2019adoption en commission sp\u00e9ciale de deux amendements identiques le vendredi 26 mars \u00e0 l\u2019Assembl\u00e9e Nationale, int\u00e9gr\u00e9s au projet de loi de simplification de la vie \u00e9conomique &hellip; <a href=\"https:\/\/www.afc69.fr\/?p=15101\">Continuer la lecture <span class=\"meta-nav\">&rarr;<\/span><\/a><\/p>\n","protected":false},"author":2,"featured_media":15102,"comment_status":"open","ping_status":"open","sticky":false,"template":"","format":"standard","meta":{"footnotes":""},"categories":[60],"tags":[],"class_list":["post-15101","post","type-post","status-publish","format-standard","has-post-thumbnail","hentry","category-communiques-de-presse"],"_links":{"self":[{"href":"https:\/\/www.afc69.fr\/index.php?rest_route=\/wp\/v2\/posts\/15101","targetHints":{"allow":["GET"]}}],"collection":[{"href":"https:\/\/www.afc69.fr\/index.php?rest_route=\/wp\/v2\/posts"}],"about":[{"href":"https:\/\/www.afc69.fr\/index.php?rest_route=\/wp\/v2\/types\/post"}],"author":[{"embeddable":true,"href":"https:\/\/www.afc69.fr\/index.php?rest_route=\/wp\/v2\/users\/2"}],"replies":[{"embeddable":true,"href":"https:\/\/www.afc69.fr\/index.php?rest_route=%2Fwp%2Fv2%2Fcomments&post=15101"}],"version-history":[{"count":2,"href":"https:\/\/www.afc69.fr\/index.php?rest_route=\/wp\/v2\/posts\/15101\/revisions"}],"predecessor-version":[{"id":15117,"href":"https:\/\/www.afc69.fr\/index.php?rest_route=\/wp\/v2\/posts\/15101\/revisions\/15117"}],"wp:featuredmedia":[{"embeddable":true,"href":"https:\/\/www.afc69.fr\/index.php?rest_route=\/wp\/v2\/media\/15102"}],"wp:attachment":[{"href":"https:\/\/www.afc69.fr\/index.php?rest_route=%2Fwp%2Fv2%2Fmedia&parent=15101"}],"wp:term":[{"taxonomy":"category","embeddable":true,"href":"https:\/\/www.afc69.fr\/index.php?rest_route=%2Fwp%2Fv2%2Fcategories&post=15101"},{"taxonomy":"post_tag","embeddable":true,"href":"https:\/\/www.afc69.fr\/index.php?rest_route=%2Fwp%2Fv2%2Ftags&post=15101"}],"curies":[{"name":"wp","href":"https:\/\/api.w.org\/{rel}","templated":true}]}}