{"id":14915,"date":"2025-03-21T16:31:43","date_gmt":"2025-03-21T15:31:43","guid":{"rendered":"https:\/\/www.afc69.fr\/?p=14915"},"modified":"2025-03-21T14:40:19","modified_gmt":"2025-03-21T13:40:19","slug":"article-le-figaro-du-19-mars-2025-marie-laetitia-bonavita-pascale-moriniere-la-famille-plebiscitee-par-les-francais-est-la-grande-oubliee-des-decisions-politiques","status":"publish","type":"post","link":"https:\/\/www.afc69.fr\/?p=14915","title":{"rendered":"ARTICLE LE FIGARO du 19 mars 2025 (Marie-Laetitia Bonavita). Pascale Morini\u00e8re\u00a0: \u00abLa famille, pl\u00e9biscit\u00e9e par les Fran\u00e7ais, est la grande oubli\u00e9e des d\u00e9cisions politiques\u00bb"},"content":{"rendered":"<div class=\"wp-block-image\">\n<figure class=\"aligncenter size-full\"><a href=\"https:\/\/www.lefigaro.fr\/actualite-france\/pascale-moriniere-la-famille-plebiscitee-par-les-francais-est-la-grande-oubliee-des-decisions-politiques-20250319\"><img loading=\"lazy\" decoding=\"async\" width=\"704\" height=\"396\" src=\"https:\/\/www.afc69.fr\/wp-content\/uploads\/2025\/03\/image-40.png\" alt=\"\" class=\"wp-image-14916\" srcset=\"https:\/\/www.afc69.fr\/wp-content\/uploads\/2025\/03\/image-40.png 704w, https:\/\/www.afc69.fr\/wp-content\/uploads\/2025\/03\/image-40-300x169.png 300w, https:\/\/www.afc69.fr\/wp-content\/uploads\/2025\/03\/image-40-500x281.png 500w\" sizes=\"auto, (max-width: 704px) 100vw, 704px\" \/><\/a><\/figure>\n<\/div>\n\n\n<p><strong>ENTRETIEN\u00a0&#8211; Le forum VIVA\u00a0!, organis\u00e9 par un collectif de 17 associations qui soutiennent les fragilit\u00e9s, la vie et les familles, se tiendra le 22 et 23 mars prochain au Parc floral de Paris. La pr\u00e9sidente de la Conf\u00e9d\u00e9ration nationale des associations familiales catholiques (CNAFC) explique le sens de ce rendez-vous.<\/strong><\/p>\n\n\n\n<p>Une cinquantaine d\u2019associations pr\u00e9senteront des initiatives positives en faveur de la vie quotidienne par toujours facile, des familles \u00e9prouv\u00e9e, des personnes fragiles et de leur aidant. Cette rencontre, qui r\u00e9unira grand public et nombreuses personnalit\u00e9s, est organis\u00e9e par plusieurs associations dont la Conf\u00e9d\u00e9ration nationale des associations familiales catholiques (CNAFC).<\/p>\n\n\n\n<p>Sa pr\u00e9sidente Pascale Morini\u00e8re, m\u00e9decin g\u00e9n\u00e9raliste de formation, m\u00e8re de famille de trois enfants et ex-vice-pr\u00e9sidente des Scouts unitaires de France (Suf), appelle \u00e0 l\u2019engagement des Fran\u00e7ais pour prendre soin avec g\u00e9n\u00e9rosit\u00e9 de ceux qui les entourent.<\/p>\n\n\n\n<p><strong>LE FIGARO. &#8211; Le Forum Viva&nbsp;! proposera de nombreuses conf\u00e9rences, ateliers&#8230; Quel public vise-t-il&nbsp;?<\/strong><\/p>\n\n\n\n<p><strong>Pascale MORINI\u00c8RE. &#8211;<\/strong>&nbsp;Les 17 pr\u00e9sidents des associations fondatrices du forum VIVA font le constat de la mont\u00e9e de la solitude, des d\u00e9litements sociaux et familiaux, de la perte du sens de la vie et des difficult\u00e9s \u00e9ducatives des parents dans un contexte d\u2019effacement des rep\u00e8res.<\/p>\n\n\n\n<p>Ces journ\u00e9es s\u2019adressent aux familles &#8211; plus souvent d\u00e9munies que d\u00e9missionnaires &#8211; pour \u00e9duquer leurs enfants, aux couples qui aspirent \u00e0 \u00eatre accompagn\u00e9s pour construire une relation durable et vivante ou qui souffrent d\u2019une infertilit\u00e9, aux femmes marqu\u00e9es par un deuil p\u00e9rinatal, aux 14% de Fran\u00e7ais qui sont aidants de l\u2019un de leurs proches, aux jeunes qui peinent \u00e0 trouver un sens \u00e0 leur vie et \u00e0 tous ceux, tr\u00e8s nombreux, qui cherchent \u00e0 cr\u00e9er davantage de liens et \u00e0 se mettre au service des autres\u2026Quel que soit son \u00e2ge ou sa situation\u00a0: lyc\u00e9ens, \u00e9tudiants, jeunes pros, couples ou c\u00e9libataires, parents, grands-parents, Viva\u00a0! propose des initiatives positives pour soutenir chacun dans sa vie quotidienne.<\/p>\n\n\n\n<p><strong>Quels seront les th\u00e8mes trait\u00e9s au cours de ces deux jours&nbsp;?<\/strong><\/p>\n\n\n\n<p>Une centaine d\u2019ateliers et de conf\u00e9rences se d\u00e9rouleront sur les deux jours et traiteront de pratiquement toutes les \u00e9tapes de la vie dans un programme \u00e0 la fois tr\u00e8s divers et tr\u00e8s accord\u00e9 aux situations concr\u00e8tes. Les couples pourront trouver de nouveaux moyens pour mieux communiquer, traverser ensemble les difficult\u00e9s, trouver un bon \u00e9quilibre entre la vie familiale et la vie pro, g\u00e9rer la place des \u00e9crans ou vivre le d\u00e9part des enfants.<\/p>\n\n\n\n<blockquote class=\"wp-block-quote is-layout-flow wp-block-quote-is-layout-flow\">\n<p>Pl\u00e9biscit\u00e9e par les Fran\u00e7ais, la famille est pourtant la grande oubli\u00e9e des programmes et d\u00e9cisions politiquesPascale Morini\u00e8re<\/p>\n<\/blockquote>\n\n\n\n<p>Quelles que soient les fragilit\u00e9s travers\u00e9es, chacun pourra repartir avec plus de souffle pour faire face aux difficult\u00e9s&nbsp;: qu\u2019il s\u2019agisse d\u2019\u00e9voquer la souffrance au travail, pr\u00e9venir et gu\u00e9rir le burn-out, trouver la juste attitude face \u00e0 la maladie psychique d\u2019un proche ou vivre le handicap\u2026<\/p>\n\n\n\n<p>La question de l\u2019accueil de la vie sera essentielle, alors que les Fran\u00e7ais ne mettent pas au monde autant d&rsquo;enfants qu&rsquo;ils le souhaitent, avec les th\u00e8mes de l\u2019infertilit\u00e9, de l\u2019accueil d\u2019une grossesse impr\u00e9vue, des rep\u00e8res bio\u00e9thiques, de la culture du no kids, de l\u2019impact de l\u2019avortement, des Napro technologies &#8211; technique m\u00e9dicale d\u2019aide \u00e0 la procr\u00e9ation naturelle &#8211; ou des mille premiers jours de l\u2019enfant.<\/p>\n\n\n\n<p>La famille sera bien s\u00fbr au c\u0153ur de ces journ\u00e9es. Pl\u00e9biscit\u00e9e par les Fran\u00e7ais, elle est pourtant la grande oubli\u00e9e des programmes et d\u00e9cisions politiques. Les parents seront \u00e9paul\u00e9s au plan \u00e9ducatif, qu\u2019il s\u2019agisse de prot\u00e9ger les enfants des violences, d\u2019apprendre \u00e0 ma\u00eetriser les \u00e9crans, de transmettre une juste \u00e9ducation affective et sexuelle ou de r\u00e9ussir \u00e0 l\u2019\u00e9cole. Les familles seront aussi \u00e9clair\u00e9es face au d\u00e9fi de l\u2019\u00e9cologie, \u00e0 la recomposition familiale, \u00e0 la monoparentalit\u00e9 ou pour s\u2019engager au service des autres.<\/p>\n\n\n\n<p>Enfin, le th\u00e8me plus difficile de la fin de vie sera abord\u00e9, qu\u2019il s\u2019agisse d\u2019organiser le maintien \u00e0 domicile ou d\u2019envisager une entr\u00e9e en Ehpad. L\u2019actualit\u00e9 de la fin de vie, l\u2019annonce d\u2019un diagnostic difficile, la prise en charge de la douleur, les soins palliatifs, la toute fin de vie d\u2019un proche ou le deuil seront trait\u00e9s afin d\u2019\u00e9voquer toutes les situations de nos vies de famille.<\/p>\n\n\n\n<p><strong>Parmi ces divers sujets, quels sont ceux qui, \u00e0 vos yeux, sont le plus r\u00e9v\u00e9lateurs des maux de la soci\u00e9t\u00e9&nbsp;?<\/strong><\/p>\n\n\n\n<p>On constate une mont\u00e9e de l\u2019indiff\u00e9rence et une\u00a0<em>\u00ab culture du jetable\u00a0\u00bb<\/em>, souvent d\u00e9nonc\u00e9e par le pape Fran\u00e7ois. Elles sont les cons\u00e9quences du primat de l\u2019individualisme. L\u2019id\u00e9al de l\u2019autonomie m\u00e8ne \u00e0 toujours plus de solitude et contribue \u00e0 la s\u00e9paration des couples, au non-accueil de l\u2019enfant \u00e0 na\u00eetre et \u00e0 l\u2019indiff\u00e9rence vis-\u00e0-vis des malades, des personnes handicap\u00e9es, \u00e2g\u00e9es ou en fin de vie. Notre soci\u00e9t\u00e9 souffre de notre incapacit\u00e9 \u00e0 \u00eatre\u00a0<em>\u00ab gardiens de nos fr\u00e8res\u00a0\u00bb<\/em>, comme le d\u00e9clare Ca\u00efn \u00e0 la suite du meurtre d\u2019Abel. Bien s\u00fbr, nous ne tuons personne mais la \u00ab mort sociale\u00a0\u00bb ravage pourtant nos soci\u00e9t\u00e9s postmodernes.<\/p>\n\n\n\n<p>Ce constat devrait amener une r\u00e9action vigoureuse et d\u00e9termin\u00e9e de tous les hommes et femmes de bonne volont\u00e9 pour promouvoir une soci\u00e9t\u00e9 plus humaine, une soci\u00e9t\u00e9 de la relation et de l\u2019attention aux plus fragiles.<\/p>\n\n\n\n<blockquote class=\"wp-block-quote is-layout-flow wp-block-quote-is-layout-flow\">\n<p>On constate une mont\u00e9e de l\u2019indiff\u00e9rence et une&nbsp;<em>\u00ab&nbsp;<\/em>culture du jetable&nbsp;\u00bb, souvent d\u00e9nonc\u00e9e par le pape Fran\u00e7ois. Elles sont les cons\u00e9quences du primat de l\u2019individualismePascal Morini\u00e8re<\/p>\n<\/blockquote>\n\n\n\n<p><strong>De nombreuses personnalit\u00e9s sont invit\u00e9es. Comment les avez-vous choisies?<\/strong><\/p>\n\n\n\n<p>Notre grande diversit\u00e9 associative permet de rejoindre un large panel de t\u00e9moins et de personnes talentueuses et comp\u00e9tentes qui ont \u00e9t\u00e9 sollicit\u00e9es et ont adh\u00e9r\u00e9 \u00e0 ce projet positif. Nous ne cherchons pas \u00e0 d\u00e9noncer ou \u00e0 d\u00e9plorer mais \u00e0 apporter de la valeur au plus pr\u00e8s de chacun. Cette attitude a emport\u00e9 une tr\u00e8s large adh\u00e9sion et nous a permis de r\u00e9unir 150 intervenants, qu\u2019il s\u2019agisse d\u2019H\u00e9l\u00e8ne Bonhomme, fondatrice des Fabuleuses au foyer, du philosophe R\u00e9mi Brague, du psychanalyste Jean-Guilhem Xerri, longtemps engag\u00e9 aupr\u00e8s des gens de la rue, de Blanche Streb, auteur et conf\u00e9renci\u00e8re ou de Jean-Didier Lecaillon, \u00e9conomiste et professeur \u00e9m\u00e9rite des Universit\u00e9s.<\/p>\n\n\n\n<p><strong>Plus d\u2019une cinquante d\u2019associations sera pr\u00e9sente. Le but de Viva! Le forum est-il de mettre en avant leur r\u00f4le dans la soci\u00e9t\u00e9&nbsp;?<\/strong><\/p>\n\n\n\n<p>Le but de Viva&nbsp;! est de faire conna\u00eetre le bien qui est fait \u00e0 travers ces associations pour permettre \u00e0 davantage de personnes de s\u2019y engager. Mais le principal objectif est d\u2019apporter des services \u00e0 toutes les personnes qui passeront dans le village des associations, qu\u2019il s\u2019agisse des conseillers conjugaux et familiaux du Cler Amour et Famille qui tiendront un point-\u00e9coute, des Fabuleuses au Foyer qui soutiendront les m\u00e8res dans leur \u00e9quilibre familial et professionnel, de l\u2019Office Chr\u00e9tien des personnes handicap\u00e9es (OCH) qui sera \u00e0 l\u2019\u00e9coute des familles concern\u00e9es par le handicap, ou du com\u00e9dien Mehdi Djaadi qui donnera son dernier spectacle \u00ab Couleur framboise&nbsp;\u00bb qui \u00e9voque la question de l\u2019infertilit\u00e9, par exemple.<\/p>\n\n\n\n<p><strong>Quels messages positifs voulez-vous apporter \u00e0 travers ce forum&nbsp;?<\/strong><\/p>\n\n\n\n<p>Notre message essentiel est qu\u2019il n\u2019y a pas de fatalit\u00e9 du d\u00e9litement social&nbsp;! Il existe une g\u00e9n\u00e9rosit\u00e9 r\u00e9elle chez les Fran\u00e7ais qui ne demande qu\u2019un peu d\u2019encouragements et des occasions pour s\u2019exprimer. Nous avons command\u00e9 un sondage \u00e0 l\u2019Ifop pour pr\u00e9parer le forum Viva&nbsp;! et nous ajuster au mieux aux attentes des Fran\u00e7ais. L\u2019une des questions de cette enqu\u00eate cherchait \u00e0 \u00e9valuer si nos concitoyens seraient pr\u00eats \u00e0 donner du temps chaque mois pour passer une heure avec une personne isol\u00e9e. Ils ont \u00e9t\u00e9 76% \u00e0 r\u00e9pondre positivement&nbsp;! Avant d\u2019appeler \u00e0 la responsabilit\u00e9 des pouvoirs publics, reconnaissons qu\u2019il existe une mine de d\u00e9vouements inexprim\u00e9s \u00e0 stimuler et galvaniser pour le bien de tous. N\u2019attendons pas que tout vienne des pouvoirs publics&nbsp;! Ils ne peuvent pas tout, leurs moyens sont limit\u00e9s et ils n\u2019ont pas la souplesse d\u2019adaptation des familles ou des associations.<\/p>\n\n\n\n<p>Ce sont les personnes qui ont la chance d\u2019avoir des liens familiaux qui ont la grave responsabilit\u00e9 de prendre soin de ceux dont le tissu relationnel est fragile.<\/p>\n","protected":false},"excerpt":{"rendered":"<p>ENTRETIEN\u00a0&#8211; Le forum VIVA\u00a0!, organis\u00e9 par un collectif de 17 associations qui soutiennent les fragilit\u00e9s, la vie et les familles, se tiendra le 22 et 23 mars prochain au Parc floral de Paris. La pr\u00e9sidente de la Conf\u00e9d\u00e9ration nationale des &hellip; <a href=\"https:\/\/www.afc69.fr\/?p=14915\">Continuer la lecture <span class=\"meta-nav\">&rarr;<\/span><\/a><\/p>\n","protected":false},"author":2,"featured_media":14916,"comment_status":"open","ping_status":"open","sticky":false,"template":"","format":"standard","meta":{"footnotes":""},"categories":[61,87,62],"tags":[],"class_list":["post-14915","post","type-post","status-publish","format-standard","has-post-thumbnail","hentry","category-actions-nationales","category-cnafc","category-federation-du-rhone"],"_links":{"self":[{"href":"https:\/\/www.afc69.fr\/index.php?rest_route=\/wp\/v2\/posts\/14915","targetHints":{"allow":["GET"]}}],"collection":[{"href":"https:\/\/www.afc69.fr\/index.php?rest_route=\/wp\/v2\/posts"}],"about":[{"href":"https:\/\/www.afc69.fr\/index.php?rest_route=\/wp\/v2\/types\/post"}],"author":[{"embeddable":true,"href":"https:\/\/www.afc69.fr\/index.php?rest_route=\/wp\/v2\/users\/2"}],"replies":[{"embeddable":true,"href":"https:\/\/www.afc69.fr\/index.php?rest_route=%2Fwp%2Fv2%2Fcomments&post=14915"}],"version-history":[{"count":1,"href":"https:\/\/www.afc69.fr\/index.php?rest_route=\/wp\/v2\/posts\/14915\/revisions"}],"predecessor-version":[{"id":14917,"href":"https:\/\/www.afc69.fr\/index.php?rest_route=\/wp\/v2\/posts\/14915\/revisions\/14917"}],"wp:featuredmedia":[{"embeddable":true,"href":"https:\/\/www.afc69.fr\/index.php?rest_route=\/wp\/v2\/media\/14916"}],"wp:attachment":[{"href":"https:\/\/www.afc69.fr\/index.php?rest_route=%2Fwp%2Fv2%2Fmedia&parent=14915"}],"wp:term":[{"taxonomy":"category","embeddable":true,"href":"https:\/\/www.afc69.fr\/index.php?rest_route=%2Fwp%2Fv2%2Fcategories&post=14915"},{"taxonomy":"post_tag","embeddable":true,"href":"https:\/\/www.afc69.fr\/index.php?rest_route=%2Fwp%2Fv2%2Ftags&post=14915"}],"curies":[{"name":"wp","href":"https:\/\/api.w.org\/{rel}","templated":true}]}}