{"id":13089,"date":"2024-06-14T16:45:28","date_gmt":"2024-06-14T15:45:28","guid":{"rendered":"https:\/\/www.afc69.fr\/?p=13089"},"modified":"2024-06-13T17:11:19","modified_gmt":"2024-06-13T16:11:19","slug":"communique-de-presse-de-la-cnafc-arret-du-projet-de-loi-fin-de-vie","status":"publish","type":"post","link":"https:\/\/www.afc69.fr\/?p=13089","title":{"rendered":"COMMUNIQUE DE PRESSE DE LA CNAFC: ARRET DU PROJET DE LOI FIN DE VIE."},"content":{"rendered":"<div class=\"wp-block-image\">\n<figure class=\"aligncenter size-full is-resized\"><a href=\"https:\/\/www.afc-france.org\/wp-content\/uploads\/2024\/06\/Communique-de-Presse-Arret-du-projet-de-Loi-fin-de-vie.pdf\"><img loading=\"lazy\" decoding=\"async\" width=\"142\" height=\"114\" src=\"https:\/\/www.afc69.fr\/wp-content\/uploads\/2024\/05\/logo.png\" alt=\"\" class=\"wp-image-12954\" style=\"width:156px;height:auto\"\/><\/a><\/figure>\n<\/div>\n\n\n<p>L\u2019annonce des r\u00e9sultats des \u00e9lections europ\u00e9ennes, puis de la dissolution de<br>l\u2019Assembl\u00e9e nationale, dimanche soir, t\u00e9moigne de l\u2019absence de concorde<br>politique dans notre pays. De cela, nul ne peut se r\u00e9jouir.<\/p>\n\n\n\n<p><br>Les Associations Familiales Catholiques accueillent avec soulagement, mais<br>non sans gravit\u00e9, l\u2019interruption parlementaire dans les d\u00e9bats sur le projet de<br>loi sur la fin de vie, et prennent acte de son retrait du calendrier parlementaire.<br>Les questions soci\u00e9tales majeures, comme celles qui touchent \u00e0 la fin de vie, ont<br>besoin d\u2019un travail exigeant et sinc\u00e8re. Depuis le d\u00e9but du processus, ces<br>conditions n\u2019\u00e9taient pas garanties en raison du refus d\u2019\u00e9couter ceux qui sont<br>aux c\u00f4t\u00e9s des malades.<\/p>\n\n\n\n<p><br>La nouvelle s\u00e9quence \u00e9lectorale aboutira \u00e0 une recomposition parlementaire.<br>Les AFC esp\u00e8rent qu\u2019elle permettra le retour de la d\u00e9fense des plus faibles et la<br>primaut\u00e9 de la recherche du Bien Commun. A ce titre, les AFC rappellent la<br>n\u00e9cessit\u00e9 de poursuivre le d\u00e9veloppement de l\u2019offre de soins palliatifs et<br>d\u2019am\u00e9liorer fortement notre syst\u00e8me de sant\u00e9, alors que51% des Fran\u00e7ais<br>disent ne pas pouvoir y acc\u00e9der facilement.<\/p>\n\n\n\n<p><br>Afin d\u2019accompagner la campagne \u00e9lectorale des \u00e9lections l\u00e9gislatives, les AFC<br>vont adresser d\u00e8s demain des propositions concr\u00e8tes \u00e0 l\u2019ensemble des<br>candidats pour rappeler les enjeux les plus urgents li\u00e9s \u00e0 la famille, cellule vitale<br>de la soci\u00e9t\u00e9, et les aider \u00e0 prendre en compte les besoins r\u00e9els des familles.<\/p>\n","protected":false},"excerpt":{"rendered":"<p>L\u2019annonce des r\u00e9sultats des \u00e9lections europ\u00e9ennes, puis de la dissolution del\u2019Assembl\u00e9e nationale, dimanche soir, t\u00e9moigne de l\u2019absence de concordepolitique dans notre pays. De cela, nul ne peut se r\u00e9jouir. Les Associations Familiales Catholiques accueillent avec soulagement, maisnon sans gravit\u00e9, l\u2019interruption &hellip; <a href=\"https:\/\/www.afc69.fr\/?p=13089\">Continuer la lecture <span class=\"meta-nav\">&rarr;<\/span><\/a><\/p>\n","protected":false},"author":2,"featured_media":12954,"comment_status":"open","ping_status":"open","sticky":false,"template":"","format":"standard","meta":{"footnotes":""},"categories":[6,4,5,2,21,87,60,62],"tags":[],"class_list":["post-13089","post","type-post","status-publish","format-standard","has-post-thumbnail","hentry","category-presquile","category-rivegauche","category-irenee","category-vianney","category-_villefranche","category-cnafc","category-communiques-de-presse","category-federation-du-rhone"],"_links":{"self":[{"href":"https:\/\/www.afc69.fr\/index.php?rest_route=\/wp\/v2\/posts\/13089","targetHints":{"allow":["GET"]}}],"collection":[{"href":"https:\/\/www.afc69.fr\/index.php?rest_route=\/wp\/v2\/posts"}],"about":[{"href":"https:\/\/www.afc69.fr\/index.php?rest_route=\/wp\/v2\/types\/post"}],"author":[{"embeddable":true,"href":"https:\/\/www.afc69.fr\/index.php?rest_route=\/wp\/v2\/users\/2"}],"replies":[{"embeddable":true,"href":"https:\/\/www.afc69.fr\/index.php?rest_route=%2Fwp%2Fv2%2Fcomments&post=13089"}],"version-history":[{"count":1,"href":"https:\/\/www.afc69.fr\/index.php?rest_route=\/wp\/v2\/posts\/13089\/revisions"}],"predecessor-version":[{"id":13090,"href":"https:\/\/www.afc69.fr\/index.php?rest_route=\/wp\/v2\/posts\/13089\/revisions\/13090"}],"wp:featuredmedia":[{"embeddable":true,"href":"https:\/\/www.afc69.fr\/index.php?rest_route=\/wp\/v2\/media\/12954"}],"wp:attachment":[{"href":"https:\/\/www.afc69.fr\/index.php?rest_route=%2Fwp%2Fv2%2Fmedia&parent=13089"}],"wp:term":[{"taxonomy":"category","embeddable":true,"href":"https:\/\/www.afc69.fr\/index.php?rest_route=%2Fwp%2Fv2%2Fcategories&post=13089"},{"taxonomy":"post_tag","embeddable":true,"href":"https:\/\/www.afc69.fr\/index.php?rest_route=%2Fwp%2Fv2%2Ftags&post=13089"}],"curies":[{"name":"wp","href":"https:\/\/api.w.org\/{rel}","templated":true}]}}