{"id":12886,"date":"2024-05-24T16:46:57","date_gmt":"2024-05-24T15:46:57","guid":{"rendered":"https:\/\/www.afc69.fr\/?p=12886"},"modified":"2024-05-24T13:37:54","modified_gmt":"2024-05-24T12:37:54","slug":"projet-de-loi-sur-la-fin-de-vie-calendrier-interrogations-comment-agir","status":"publish","type":"post","link":"https:\/\/www.afc69.fr\/?p=12886","title":{"rendered":"PROJET DE LOI SUR LA FIN DE VIE : CALENDRIER, INTERROGATIONS, COMMENT AGIR ?"},"content":{"rendered":"<div class=\"wp-block-image\">\n<figure class=\"aligncenter size-full is-resized\"><a href=\"https:\/\/www.veilleespourlavie.life\/blog\/actualites\/17447\/\"><img loading=\"lazy\" decoding=\"async\" width=\"100\" height=\"85\" src=\"https:\/\/www.afc69.fr\/wp-content\/uploads\/2024\/05\/image-55.png\" alt=\"\" class=\"wp-image-12887\" style=\"width:156px;height:auto\"\/><\/a><\/figure>\n<\/div>\n\n\n<p>Les d\u00e9put\u00e9s ont entam\u00e9 l\u2019examen du projet de loi sur la fin de vie avec les auditions de la commission sp\u00e9ciale.<\/p>\n\n\n\n<h3 class=\"wp-block-heading\">Quel calendrier ?&nbsp;<\/h3>\n\n\n\n<p>A partir du 13 mai, la commission sp\u00e9ciale examinera les articles du projet de loi.<\/p>\n\n\n\n<p>D\u00e8s le 27 mai, les d\u00e9bats en s\u00e9ance publique d\u00e9buteront.<\/p>\n\n\n\n<p>Et le 11 juin est pr\u00e9vu le vote \u00e0 l\u2019Assembl\u00e9e Nationale .<\/p>\n\n\n\n<hr class=\"wp-block-separator has-alpha-channel-opacity\"\/>\n\n\n\n<h3 class=\"wp-block-heading\">Comment est compos\u00e9 le projet de loi ?<\/h3>\n\n\n\n<p>Il comporte trois volets r\u00e9partis en 21 articles:<\/p>\n\n\n\n<ul class=\"wp-block-list\">\n<li>Le 1er volet est sur le d\u00e9veloppement des soins palliatifs.<\/li>\n\n\n\n<li>Le 2\u00e8me volet portera sur le droits des patients et des aidants.<\/li>\n\n\n\n<li>Le 3\u00e8me volet, sous les termes \u00ab d\u2019aide \u00e0 mourir \u00bb dissimule la l\u00e9galisation du suicide assist\u00e9 et de l\u2019euthanasie.<\/li>\n<\/ul>\n\n\n\n<p>Chaque article sera vot\u00e9 s\u00e9par\u00e9ment, puis il y aura un vote global, on ne pourra donc pas dire \u201coui\u201d au volet 1 sans dire \u201coui\u201d au volet 3. Comment voter un projet de loi englobant le d\u00e9veloppement des soins palliatifs et la l\u00e9galisation de l\u2019euthanasie et des soins palliatifs, en m\u00eame temps?<\/p>\n\n\n\n<hr class=\"wp-block-separator has-alpha-channel-opacity\"\/>\n\n\n\n<h3 class=\"wp-block-heading\">Les questions que cela pose.<\/h3>\n\n\n\n<p>Ce projet de loi soul\u00e8ve de nombreuses questions qu\u2019il est bon de se poser:<\/p>\n\n\n\n<p>Pourquoi on ne r\u00e9pond pas mieux aux besoins des Fran\u00e7ais en se concentrant davantage sur les soins palliatifs? Quelle sera la v\u00e9ritable vocation de ces maisons o\u00f9 on \u00abaccompagne les personnes jusqu\u2019\u00e0 la mort \u00bb? Qu\u2019entend-t-on par \u00ab mourir dans la dignit\u00e9\u00bb?<\/p>\n\n\n\n<p>Que fait-on de l\u2019interdit de tuer et la conscience des soignants? Comment peut-on faire confiance \u00e0 une main qui peut soigner ou donner la mort? La majorit\u00e9 des soignants a rappel\u00e9 que \u00ab donner la mort n\u2019est pas un soin \u00bb. Que fait-on de leur opinion?<\/p>\n\n\n\n<p>Le projet contient des crit\u00e8res d\u2019\u00e9ligibilit\u00e9 \u00ab maladie grave incurable \u00bb, \u00ab volont\u00e9 libre et \u00e9clair\u00e9e \u00bb, \u00ab pronostic vital engag\u00e9 \u00e0 moyen terme \u00bb, \u00ab souffrances physiques ou psychologiques r\u00e9fractaires \u00bb, qu\u2019entend on exactement derri\u00e8re ces termes ? N\u2019y a t il pas un risque que les crit\u00e8res soient \u00e9tendus comme en Belgique ou au Canada ? Ou encore comme la loi Veil con\u00e7u pour de rares cas extr\u00eames et aujourd\u2019hui banalis\u00e9e ?<\/p>\n\n\n\n<p>La France accompagne toute personne qui fait une tentative de suicide pour lui redonner gout \u00e0 la vie, en parall\u00e8le elle propose le suicide assist\u00e9 , existerait-il des mauvaises raisons de mourir et des bonnes raisons ? &nbsp;N\u2019y a-t-il pas une contradiction avec la pr\u00e9vention du suicide?<\/p>\n\n\n\n<p>Enfin, pense-t-on aux personnes fragiles qui vont se sentir \u00ab en trop \u00bb ? Ne faut-il pas leur redonner go\u00fbt \u00e0 la vie et leur dire que nous avons besoin d\u2019elles?<\/p>\n\n\n\n<hr class=\"wp-block-separator has-alpha-channel-opacity\"\/>\n\n\n\n<h3 class=\"wp-block-heading\">Comment agir?<\/h3>\n\n\n\n<p>Premi\u00e8rement, nous croyons qu\u2019il faut continuer de prendre soin des personnes qui nous entourent , redire combien nos ain\u00e9s sont pr\u00e9cieux , aimer comme un feu sur la terre.<\/p>\n\n\n\n<p>En tant que chr\u00e9tien, nous sommes aussi appel\u00e9 \u00e0 prier, notre Seigneur peut changer les c\u0153urs.<\/p>\n\n\n\n<p>Enfin en tant que citoyens , nous pouvons \u00e9crire \u00e0 nos d\u00e9but\u00e9s comme le propose Alliance Vita : <a href=\"https:\/\/www.alliancevita.org\/ecrire-a-son-depute\/\">https:\/\/www.alliancevita.org\/ecrire-a-son-depute\/<\/a><\/p>\n\n\n<div class=\"wp-block-image\">\n<figure class=\"aligncenter size-full is-resized\"><a href=\"https:\/\/www.alliancevita.org\/ecrire-a-son-depute\/\"><img loading=\"lazy\" decoding=\"async\" width=\"800\" height=\"800\" src=\"https:\/\/www.afc69.fr\/wp-content\/uploads\/2024\/05\/image-63.png\" alt=\"\" class=\"wp-image-12930\" style=\"width:366px;height:auto\" srcset=\"https:\/\/www.afc69.fr\/wp-content\/uploads\/2024\/05\/image-63.png 800w, https:\/\/www.afc69.fr\/wp-content\/uploads\/2024\/05\/image-63-300x300.png 300w, https:\/\/www.afc69.fr\/wp-content\/uploads\/2024\/05\/image-63-150x150.png 150w, https:\/\/www.afc69.fr\/wp-content\/uploads\/2024\/05\/image-63-768x768.png 768w\" sizes=\"auto, (max-width: 800px) 100vw, 800px\" \/><\/a><\/figure>\n<\/div>\n\n\n<p><a href=\"https:\/\/www.alliancevita.org\/ecrire-a-son-depute\/\">Ecrire \u00e0 son d\u00e9put\u00e9 contre le projet de loi fin de vie (alliancevita.org)<\/a><\/p>\n","protected":false},"excerpt":{"rendered":"<p>Les d\u00e9put\u00e9s ont entam\u00e9 l\u2019examen du projet de loi sur la fin de vie avec les auditions de la commission sp\u00e9ciale. Quel calendrier ?&nbsp; A partir du 13 mai, la commission sp\u00e9ciale examinera les articles du projet de loi. D\u00e8s &hellip; <a href=\"https:\/\/www.afc69.fr\/?p=12886\">Continuer la lecture <span class=\"meta-nav\">&rarr;<\/span><\/a><\/p>\n","protected":false},"author":2,"featured_media":12887,"comment_status":"open","ping_status":"open","sticky":false,"template":"","format":"standard","meta":{"footnotes":""},"categories":[6,4,5,2,21,61,87,62],"tags":[],"class_list":["post-12886","post","type-post","status-publish","format-standard","has-post-thumbnail","hentry","category-presquile","category-rivegauche","category-irenee","category-vianney","category-_villefranche","category-actions-nationales","category-cnafc","category-federation-du-rhone"],"_links":{"self":[{"href":"https:\/\/www.afc69.fr\/index.php?rest_route=\/wp\/v2\/posts\/12886","targetHints":{"allow":["GET"]}}],"collection":[{"href":"https:\/\/www.afc69.fr\/index.php?rest_route=\/wp\/v2\/posts"}],"about":[{"href":"https:\/\/www.afc69.fr\/index.php?rest_route=\/wp\/v2\/types\/post"}],"author":[{"embeddable":true,"href":"https:\/\/www.afc69.fr\/index.php?rest_route=\/wp\/v2\/users\/2"}],"replies":[{"embeddable":true,"href":"https:\/\/www.afc69.fr\/index.php?rest_route=%2Fwp%2Fv2%2Fcomments&post=12886"}],"version-history":[{"count":3,"href":"https:\/\/www.afc69.fr\/index.php?rest_route=\/wp\/v2\/posts\/12886\/revisions"}],"predecessor-version":[{"id":12932,"href":"https:\/\/www.afc69.fr\/index.php?rest_route=\/wp\/v2\/posts\/12886\/revisions\/12932"}],"wp:featuredmedia":[{"embeddable":true,"href":"https:\/\/www.afc69.fr\/index.php?rest_route=\/wp\/v2\/media\/12887"}],"wp:attachment":[{"href":"https:\/\/www.afc69.fr\/index.php?rest_route=%2Fwp%2Fv2%2Fmedia&parent=12886"}],"wp:term":[{"taxonomy":"category","embeddable":true,"href":"https:\/\/www.afc69.fr\/index.php?rest_route=%2Fwp%2Fv2%2Fcategories&post=12886"},{"taxonomy":"post_tag","embeddable":true,"href":"https:\/\/www.afc69.fr\/index.php?rest_route=%2Fwp%2Fv2%2Ftags&post=12886"}],"curies":[{"name":"wp","href":"https:\/\/api.w.org\/{rel}","templated":true}]}}