{"id":12859,"date":"2024-05-17T16:46:36","date_gmt":"2024-05-17T15:46:36","guid":{"rendered":"https:\/\/www.afc69.fr\/?p=12859"},"modified":"2024-05-17T13:18:49","modified_gmt":"2024-05-17T12:18:49","slug":"communique-de-presse-conge-de-naissance-le-desarmement-demographique-annonce","status":"publish","type":"post","link":"https:\/\/www.afc69.fr\/?p=12859","title":{"rendered":"COMMUNIQUE DE PRESSE CNAFC: \u00ab\u00a0CONGE DE NAISSANCE\u00a0\u00bb, LE DESARMEMENT DEMOGRAPHIQUE ANNONCE."},"content":{"rendered":"<div class=\"wp-block-image\">\n<figure class=\"aligncenter size-large is-resized\"><a href=\"https:\/\/www.afc69.fr\/wp-content\/uploads\/2024\/05\/image-53.png\"><img loading=\"lazy\" decoding=\"async\" width=\"1024\" height=\"637\" src=\"https:\/\/www.afc69.fr\/wp-content\/uploads\/2024\/05\/image-53-1024x637.png\" alt=\"\" class=\"wp-image-12877\" style=\"width:486px;height:auto\" srcset=\"https:\/\/www.afc69.fr\/wp-content\/uploads\/2024\/05\/image-53-1024x637.png 1024w, https:\/\/www.afc69.fr\/wp-content\/uploads\/2024\/05\/image-53-300x186.png 300w, https:\/\/www.afc69.fr\/wp-content\/uploads\/2024\/05\/image-53-768x477.png 768w, https:\/\/www.afc69.fr\/wp-content\/uploads\/2024\/05\/image-53-483x300.png 483w, https:\/\/www.afc69.fr\/wp-content\/uploads\/2024\/05\/image-53.png 1110w\" sizes=\"auto, (max-width: 1024px) 100vw, 1024px\" \/><\/a><\/figure>\n<\/div>\n\n\n<p>Une concertation sur le projet de \u00ab cong\u00e9 de naissance \u00bb annonc\u00e9 par le<br>pr\u00e9sident de la R\u00e9publique aura lieu ce mercredi 15 mai.<br>Le cong\u00e9 parental jusqu\u2019aux 3 ans de l\u2019enfant va \u00eatre supprim\u00e9 et remplac\u00e9 par<br>un cong\u00e9 de 3 mois, le \u00ab cong\u00e9 de naissance \u00bb, mieux r\u00e9mun\u00e9r\u00e9 (50% du<br>salaire, plafonn\u00e9s \u00e0 1900\u20ac) pour chaque parent. Il vise \u00e0 relancer la natalit\u00e9 et<br>\u00e0 ne pas trop \u00e9loigner les femmes du march\u00e9 du travail.<\/p>\n\n\n\n<p><br>Le cong\u00e9 de naissance, cumul\u00e9 avec les cong\u00e9s maternit\u00e9 et paternit\u00e9,<br>permettrait aux familles de garder leur enfant jusqu\u2019\u00e0 ses 9 mois. Il oblige<br>n\u00e9anmoins \u00e0 trouver un mode de garde pour au plus tard les 9 mois de<br>l\u2019enfant, sans alternative possible.<\/p>\n\n\n\n<p><br>En 2021, 56%i des enfants de moins de 3 ans \u00e9taient gard\u00e9s en partie ou tout<br>le temps par leurs parents.<br>Comment imaginer qu\u2019il serait possible de disposer d\u2019un mode de garde pour<br>tous les enfants de 9 mois \u00e0 3 ans alors que les possibilit\u00e9s d\u2019accueil par les<br>Etablissements d\u2019Accueil des Jeunes Enfants (il manque 200 000 places de<br>cr\u00e8che) ou par les assistantes maternelles (dont 40% vont prendre leur retraite<br>d\u2019ici 2030) sont d\u00e9j\u00e0 totalement insuffisants ?<\/p>\n\n\n\n<p><br>Les parents auront le choix entre quitter le march\u00e9 du travail pour s\u2019occuper<br>de leur enfant, ce que font le plus souvent les femmes qui ont un salaire<br>moindre, ou diff\u00e9rer une naissance. Autrement dit, les deux objectifs de<br>permettre le retour des femmes \u00e0 l\u2019emploi et d\u2019op\u00e9rer un r\u00e9armement<br>d\u00e9mographique ne pourront \u00eatre atteints. Pire, cette mesure va contribuer \u00e0<br>aggraver la natalit\u00e9 et \u00e0 \u00e9loigner les femmes de l\u2019emploi !<\/p>\n\n\n\n<p><br>En revanche, les \u00e9conomies seront substantielles pour la branche famille de la<br>s\u00e9curit\u00e9 sociale. (Voir le tableau ci-dessous). En raison de la baisse de la<br>natalit\u00e9, cette branche est d\u00e9j\u00e0 largement b\u00e9n\u00e9ficiaire. Il est incompr\u00e9hensible<br>que ses exc\u00e9dents ne b\u00e9n\u00e9ficient pas aux familles mais que celles-ci soient<br>encore plus mises \u00e0 contribution.<\/p>\n\n\n\n<p><br>Rappelons que les AFC demandent :<\/p>\n\n\n\n<ul class=\"wp-block-list\">\n<li>La libert\u00e9 pour les familles de r\u00e9partir les cong\u00e9s entre le p\u00e8re et la<br>m\u00e8re.\n<ul class=\"wp-block-list\">\n<li>Un cong\u00e9 court et mieux r\u00e9mun\u00e9r\u00e9 \u00e0 75% du salaire <\/li>\n\n\n\n<li>ET un cong\u00e9 long jusqu\u2019aux 3 ans de l\u2019enfant indemnis\u00e9 \u00e0 hauteur de 1100\u20ac\/mois.<\/li>\n<\/ul>\n<\/li>\n<\/ul>\n\n\n\n<p>Pascale Morini\u00e8re sur RCF : \u00ab Il y a 4 raisons qui n\u00e9cessitent de soutenir la<br>natalit\u00e9 : d\u2019abord le d\u00e9sir des jeunes familles d\u2019accueillir davantage d\u2019enfants ;<br>ensuite notre dynamisme \u00e9conomique : la croissance d\u00e9mographique appelle \u00e0<br>investir ; mais aussi notre syst\u00e8me social fond\u00e9 sur la solidarit\u00e9 entre les<br>g\u00e9n\u00e9rations ; enfin, notre sant\u00e9 morale, notre capacit\u00e9 \u00e0 nous projeter<br>collectivement vers l\u2019avenir avec optimisme. \u00bb<br>Pour toutes ces raisons, la politique familiale est un investissement essentiel !<\/p>\n\n\n\n<p><\/p>\n","protected":false},"excerpt":{"rendered":"<p>Une concertation sur le projet de \u00ab cong\u00e9 de naissance \u00bb annonc\u00e9 par lepr\u00e9sident de la R\u00e9publique aura lieu ce mercredi 15 mai.Le cong\u00e9 parental jusqu\u2019aux 3 ans de l\u2019enfant va \u00eatre supprim\u00e9 et remplac\u00e9 parun cong\u00e9 de 3 mois, &hellip; <a href=\"https:\/\/www.afc69.fr\/?p=12859\">Continuer la lecture <span class=\"meta-nav\">&rarr;<\/span><\/a><\/p>\n","protected":false},"author":2,"featured_media":12877,"comment_status":"open","ping_status":"open","sticky":false,"template":"","format":"standard","meta":{"footnotes":""},"categories":[87,60],"tags":[],"class_list":["post-12859","post","type-post","status-publish","format-standard","has-post-thumbnail","hentry","category-cnafc","category-communiques-de-presse"],"_links":{"self":[{"href":"https:\/\/www.afc69.fr\/index.php?rest_route=\/wp\/v2\/posts\/12859","targetHints":{"allow":["GET"]}}],"collection":[{"href":"https:\/\/www.afc69.fr\/index.php?rest_route=\/wp\/v2\/posts"}],"about":[{"href":"https:\/\/www.afc69.fr\/index.php?rest_route=\/wp\/v2\/types\/post"}],"author":[{"embeddable":true,"href":"https:\/\/www.afc69.fr\/index.php?rest_route=\/wp\/v2\/users\/2"}],"replies":[{"embeddable":true,"href":"https:\/\/www.afc69.fr\/index.php?rest_route=%2Fwp%2Fv2%2Fcomments&post=12859"}],"version-history":[{"count":4,"href":"https:\/\/www.afc69.fr\/index.php?rest_route=\/wp\/v2\/posts\/12859\/revisions"}],"predecessor-version":[{"id":12878,"href":"https:\/\/www.afc69.fr\/index.php?rest_route=\/wp\/v2\/posts\/12859\/revisions\/12878"}],"wp:featuredmedia":[{"embeddable":true,"href":"https:\/\/www.afc69.fr\/index.php?rest_route=\/wp\/v2\/media\/12877"}],"wp:attachment":[{"href":"https:\/\/www.afc69.fr\/index.php?rest_route=%2Fwp%2Fv2%2Fmedia&parent=12859"}],"wp:term":[{"taxonomy":"category","embeddable":true,"href":"https:\/\/www.afc69.fr\/index.php?rest_route=%2Fwp%2Fv2%2Fcategories&post=12859"},{"taxonomy":"post_tag","embeddable":true,"href":"https:\/\/www.afc69.fr\/index.php?rest_route=%2Fwp%2Fv2%2Ftags&post=12859"}],"curies":[{"name":"wp","href":"https:\/\/api.w.org\/{rel}","templated":true}]}}