{"id":12464,"date":"2024-03-22T16:05:14","date_gmt":"2024-03-22T15:05:14","guid":{"rendered":"https:\/\/www.afc69.fr\/?p=12464"},"modified":"2024-03-22T14:34:34","modified_gmt":"2024-03-22T13:34:34","slug":"commnique-de-presse-de-la-cnafc-reaction-des-afc-suite-a-la-publication-du-projet-de-programme-deducation-a-la-sexualite","status":"publish","type":"post","link":"https:\/\/www.afc69.fr\/?p=12464","title":{"rendered":"COMMUNIQUE DE PRESSE DE LA CNAFC: R\u00e9action des AFC suite \u00e0 la publication du projet de programme d&rsquo;\u00e9ducation \u00e0 la sexualit\u00e9."},"content":{"rendered":"\n<p>Apr\u00e8s lecture du projet de programme d\u2019\u00e9ducation \u00e0 la sexualit\u00e9 mis en ligne<br>par le Conseil Sup\u00e9rieur des programmes, la Conf\u00e9d\u00e9ration Nationale des 280<br>Associations Familiales Catholiques entend r\u00e9agir fortement. Nous saluons la volont\u00e9 de combattre l\u2019exposition des enfants et des jeunes \u00e0 la pornographie, de d\u00e9velopper l\u2019\u00e9ducation aux r\u00e9seaux sociaux, d\u2019\u00e9duquer \u00e0 l\u2019intimit\u00e9 et \u00e0 la pudeur et d\u2019encourager au respect mutuel.<\/p>\n\n\n\n<p><br>En revanche, ce projet de programme cherche \u00e0 transmettre une pens\u00e9e et un<br>comportement uniques, en lien \u00e9troit avec la culture dominante, sans respect<br>pour la libert\u00e9 de conscience des familles.<br>On y retrouve ainsi le primat envahissant de l\u2019\u00e9motion pour encourager les<br>choix et le discernement des enfants et des jeunes et la lutte contre les soi<br>disant \u00ab st\u00e9r\u00e9otypes de genre \u00bb de la maternelle \u00e0 la terminale, rappelant les<br>exercices des ABCD de l\u2019\u00e9galit\u00e9 promus en 2014 par Najat Vallaud Belkacem.<br>Nous regrettons que les parties scientifiques sur la procr\u00e9ation, la grossesse et<br>la naissance, pourtant essentielles pour r\u00e9pondre aux questions des enfants<br>sur leur origine, soient tr\u00e8s peu d\u00e9velopp\u00e9es. Les deux derni\u00e8res, grossesse et<br>naissance, n\u2019\u00e9tant abord\u00e9es qu\u2019en maternelle.<\/p>\n\n\n\n<p><br>Nous ne pouvons accepter l\u2019absence de r\u00e9f\u00e9rence aux parents, remplac\u00e9s par<br>des \u00ab adultes de confiance \u00bb, de m\u00eame niveau que l\u2019\u00e9cole, l\u2019environnement<br>m\u00e9dical ou sportif. Le projet promeut une banalisation des structures<br>familiales jusqu\u2019aux \u00ab enfants plac\u00e9s en foyer \u00bb. Les familles unies sont<br>qualifi\u00e9es de \u00ab familles h\u00e9t\u00e9roparentales \u00bb. Dans cette indiff\u00e9renciation, on<br>oublie que les 2\/3 des enfants mineurs vivent dans des familles avec leur p\u00e8re<br>et leur m\u00e8re et on semble ignorer les souffrances profondes engendr\u00e9es par<br>les ruptures familiales.<\/p>\n\n\n\n<p><strong><br>Les AFC demandent : <\/strong><\/p>\n\n\n\n<ul class=\"wp-block-list\">\n<li>A remplacer la notion \u00ab d\u2019adultes de confiance \u00bb par une r\u00e9f\u00e9rence aux<br>parents premiers et principaux \u00e9ducateurs de leurs enfants, m\u00eame s\u2019ils<br>ne sont pas les seuls. Rappelons que la Convention Internationale des<br>Droits de l\u2019Enfant, ratifi\u00e9e par la France stipule que les enfants ont le<br>droit d\u2019\u00eatre \u00e9lev\u00e9s en priorit\u00e9 par leurs parents (Art 7). &#8211; &#8211; &#8211; &#8211;<\/li>\n\n\n\n<li>A supprimer les tr\u00e8s nombreuses r\u00e9f\u00e9rences au genre, aux r\u00f4les, \u00e0 la<br>lutte contre les st\u00e9r\u00e9otypes de genre. L\u2019Education nationale n\u2019a pas<br>re\u00e7u la mission de r\u00e9\u00e9duquer les familles \u00e0 travers leurs enfants. La<br>tr\u00e8s forte r\u00e9sistance des parents, il y a 10 ans, aux ABCD de l\u2019\u00e9galit\u00e9<br>aurait d\u00fb encourager le Conseil sup\u00e9rieur des programmes \u00e0 la prudence en la mati\u00e8re.<\/li>\n\n\n\n<li>De rappeler que si toutes les structures familiales ont droit au respect,<br>l\u2019apprentissage de la r\u00e9solution des conflits -en particulier \u00e0 l\u2019\u00e9cole- est<br>un \u00e9l\u00e9ment important pour l\u2019unit\u00e9 familiale qui est la r\u00e9alit\u00e9 de vie de<br>2\/3 des jeune mineurs.<\/li>\n\n\n\n<li>De d\u00e9velopper la partie scientifique sur la procr\u00e9ation, la grossesse et<br>la naissance non seulement dans le but de pr\u00e9venir les grossesses mais<br>pour que les jeunes connaissent les processus du tout d\u00e9but de la vie.<\/li>\n\n\n\n<li>Enfin, si l\u2019expression des \u00e9motions est une dimension essentielle du<br>bien-\u00eatre, rappeler que les \u00e9motions ont une dimension informative,<br>qu\u2019elles peuvent \u00eatre trompeuses et qu\u2019au-del\u00e0, l\u2019enfant puis le jeune<br>doit \u00eatre \u00e9duqu\u00e9 \u00e0 d\u00e9velopper sa capacit\u00e9 \u00e0 juger et d\u00e9cider gr\u00e2ce \u00e0 sa<br>raison et sa volont\u00e9.<\/li>\n<\/ul>\n","protected":false},"excerpt":{"rendered":"<p>Apr\u00e8s lecture du projet de programme d\u2019\u00e9ducation \u00e0 la sexualit\u00e9 mis en lignepar le Conseil Sup\u00e9rieur des programmes, la Conf\u00e9d\u00e9ration Nationale des 280Associations Familiales Catholiques entend r\u00e9agir fortement. Nous saluons la volont\u00e9 de combattre l\u2019exposition des enfants et des jeunes &hellip; <a href=\"https:\/\/www.afc69.fr\/?p=12464\">Continuer la lecture <span class=\"meta-nav\">&rarr;<\/span><\/a><\/p>\n","protected":false},"author":2,"featured_media":0,"comment_status":"open","ping_status":"open","sticky":false,"template":"","format":"standard","meta":{"footnotes":""},"categories":[27,87,60,62,88],"tags":[],"class_list":["post-12464","post","type-post","status-publish","format-standard","hentry","category-chantiers-education","category-cnafc","category-communiques-de-presse","category-federation-du-rhone","category-reflexions-educatives"],"_links":{"self":[{"href":"https:\/\/www.afc69.fr\/index.php?rest_route=\/wp\/v2\/posts\/12464","targetHints":{"allow":["GET"]}}],"collection":[{"href":"https:\/\/www.afc69.fr\/index.php?rest_route=\/wp\/v2\/posts"}],"about":[{"href":"https:\/\/www.afc69.fr\/index.php?rest_route=\/wp\/v2\/types\/post"}],"author":[{"embeddable":true,"href":"https:\/\/www.afc69.fr\/index.php?rest_route=\/wp\/v2\/users\/2"}],"replies":[{"embeddable":true,"href":"https:\/\/www.afc69.fr\/index.php?rest_route=%2Fwp%2Fv2%2Fcomments&post=12464"}],"version-history":[{"count":2,"href":"https:\/\/www.afc69.fr\/index.php?rest_route=\/wp\/v2\/posts\/12464\/revisions"}],"predecessor-version":[{"id":12515,"href":"https:\/\/www.afc69.fr\/index.php?rest_route=\/wp\/v2\/posts\/12464\/revisions\/12515"}],"wp:attachment":[{"href":"https:\/\/www.afc69.fr\/index.php?rest_route=%2Fwp%2Fv2%2Fmedia&parent=12464"}],"wp:term":[{"taxonomy":"category","embeddable":true,"href":"https:\/\/www.afc69.fr\/index.php?rest_route=%2Fwp%2Fv2%2Fcategories&post=12464"},{"taxonomy":"post_tag","embeddable":true,"href":"https:\/\/www.afc69.fr\/index.php?rest_route=%2Fwp%2Fv2%2Ftags&post=12464"}],"curies":[{"name":"wp","href":"https:\/\/api.w.org\/{rel}","templated":true}]}}