{"id":10804,"date":"2023-05-05T14:45:14","date_gmt":"2023-05-05T13:45:14","guid":{"rendered":"http:\/\/www.afc69.fr\/?p=10804"},"modified":"2023-05-04T15:27:19","modified_gmt":"2023-05-04T14:27:19","slug":"lassociation-tombee-du-nid-et-son-application-le-coeur-du-nid-ont-besoin-de-vous","status":"publish","type":"post","link":"https:\/\/www.afc69.fr\/?p=10804","title":{"rendered":"L\u2019Association \u00ab Tomb\u00e9e du Nid \u00bb et son application \u00ab Le c\u0153ur du Nid \u00bb ont besoin de vous !"},"content":{"rendered":"<div class=\"wp-block-image\">\n<figure class=\"aligncenter is-resized\"><a href=\"https:\/\/tombeedunid.fr\/\"><img loading=\"lazy\" decoding=\"async\" src=\"https:\/\/tombeedunid.fr\/wp-content\/uploads\/2021\/12\/LOGO_V.png\" alt=\"Tomb\u00e9e du Nid\" width=\"331\" height=\"287\"\/><\/a><\/figure>\n<\/div>\n\n\n<p> <\/p>\n\n\n\n<p class=\"has-text-align-center\">Ch\u00e8res familles,<\/p>\n\n\n\n<p><strong>Le <\/strong><strong>\ud83e\udde1<\/strong><strong> du <\/strong><strong>Nid<\/strong> est fait pour vous&nbsp;!<\/p>\n\n\n\n<ul class=\"wp-block-list\">\n<li>Vous avec un enfant, un jeune, en situation de handicap&nbsp;? T\u00e9l\u00e9chargez l\u2019application et devenez \u00ab&nbsp;Poussin&nbsp;\u00bb<\/li>\n\n\n\n<li>Vous souhaitez donner un peu de votre temps, en fonction de vos disponibilit\u00e9s, mais en \u00e9tant form\u00e9 et accompagn\u00e9&nbsp;? T\u00e9l\u00e9chargez l\u2019application de devenez \u00ab&nbsp;Papa ou Maman Oiseau&nbsp;\u00bb<\/li>\n<\/ul>\n\n\n\n<p><strong>Entrez au C\u0153ur du Nid&nbsp;! <\/strong><strong>\ud83e\udeba<\/strong><strong> !!!<\/strong><\/p>\n\n\n\n<p>L\u2019association \u00ab\u00a0Tomb\u00e9e du Nid\u00a0\u00bb dont la mission est d\u2019aider, faire grandir, et promouvoir entraide et soutien aupr\u00e8s des enfants porteurs de handicap et leur famille, vient de lancer son application \u00ab\u00a0Le C\u0153ur du Nid\u00bb en Rh\u00f4ne-Alpes (Ain, Loire, Rh\u00f4ne et Is\u00e8re) \ud83e\udd73!!<\/p>\n\n\n\n<p><strong>Notre objectif<\/strong>&nbsp;: prot\u00e9ger l\u2019\u00e9quilibre familial de la personne en situation de fragilit\u00e9 tout en rompant l\u2019isolement qui touche trop souvent sa famille\ud83e\udef6.<\/p>\n\n\n\n<p><strong>Comment&nbsp;? <\/strong>en d\u00e9cloisonnant l\u2019aide aux aidants, en facilitant l\u2019implication de la soci\u00e9t\u00e9 civile.<\/p>\n\n\n\n<p><strong>Avec quels moyens&nbsp;?<\/strong>&nbsp;une application sur smartphone et surtout <strong>de supers b\u00e9n\u00e9voles<\/strong>, form\u00e9s et suivis tout au long de leur engagement.<\/p>\n\n\n\n<p><strong>Et concr\u00e8tement&nbsp;?<\/strong> Les b\u00e9n\u00e9voles \u00ab&nbsp;papa ou maman oiseau&nbsp;\u00bb \ud83e\udda9r\u00e9pondent aux sollicitations des familles \u00ab&nbsp;poussins&nbsp;\u00bb\ud83d\udc25par le biais de l\u2019application. Pour cela, ils re\u00e7oivent une notification en fonction de leur \u00ab&nbsp;badge&nbsp;\u00bb et de leur secteur g\u00e9ographique. 7 \u00ab&nbsp;badges&nbsp;\u00bb, autrement dit 7 sujets\/types d\u2019aide, permettent d\u2019accompagner les familles&nbsp;: \u00ab&nbsp;administratif&nbsp;\u00bb \ud83d\uddc3\ufe0f, \u00ab&nbsp;aide au quotidien&nbsp;\u00bb \ud83e\uddbd, \u00ab&nbsp;\u00e9coute&nbsp;\u00bb \ud83d\udc42\ud83c\udffc, \u00ab&nbsp;partage et astuce&nbsp;\u00bb \ud83d\udca1, \u00ab&nbsp;adoption&nbsp;\u00bb \ud83e\udd31, \u00ab&nbsp;grossesse&nbsp;\u00bb \ud83e\udec4 et \u00ab&nbsp;projet de vie&nbsp;\u00bb \ud83e\uddb8\ud83c\udffb\u200d\u2642\ufe0f. Cette notification les pr\u00e9vient d\u2019une demande d\u2019aide \u00e0 c\u00f4t\u00e9 de chez eux.<\/p>\n\n\n\n<p>Le r\u00e9seau local est anim\u00e9 par un responsable r\u00e9seau qui a, au pr\u00e9alable, rencontr\u00e9 chaque b\u00e9n\u00e9vole et chaque famille.<\/p>\n\n\n\n<p>Nous avons besoin de vous, ch\u00e8res familles et chers b\u00e9n\u00e9voles, pour faire grandir notre projet et cr\u00e9er un v\u00e9ritable maillage dans l\u2019ensemble de la r\u00e9gion.<\/p>\n\n\n\n<p>N\u2019h\u00e9sitez pas \u00e0 regarder le mini-film de pr\u00e9sentation de l\u2019application : <a rel=\"noreferrer noopener\" href=\"https:\/\/www.youtube.com\/@TombeeduNidOfficiel\" target=\"_blank\">https:\/\/www.youtube.com\/@TombeeduNidOfficiel<\/a> et \u00e0 vous promener sur notre site et notre appli <a rel=\"noreferrer noopener\" href=\"https:\/\/tombeedunid.fr\/\" target=\"_blank\">https:\/\/tombeedunid.fr\/<\/a> Et pour toute question, appelez-moi directement&nbsp;!<\/p>\n\n\n\n<figure class=\"wp-block-table\"><table><tbody><tr><td><strong>Blanche Dufour<\/strong>, Responsable R\u00e9seau Tomb\u00e9e du Nid Auvergne-Rh\u00f4ne-Alpes <img loading=\"lazy\" decoding=\"async\" src=\"blob:https:\/\/www.afc69.fr\/4018aa5d-af27-4c12-b10f-4eb0a037c72a\" width=\"13\" height=\"13\"><a rel=\"noreferrer noopener\" href=\"tel:0603020819\" target=\"_blank\">0607372729<\/a><img loading=\"lazy\" decoding=\"async\" src=\"blob:https:\/\/www.afc69.fr\/f1e90b5d-0c04-4080-b672-e5ad5909a443\" width=\"13\" height=\"13\"><a rel=\"noreferrer noopener\" href=\"mailto:blanche.dufour@tombeedunid.fr\" target=\"_blank\">blanche.dufour@tombeedunid.fr<\/a><img loading=\"lazy\" decoding=\"async\" src=\"blob:https:\/\/www.afc69.fr\/437daf42-1548-4e19-b54c-bf0fea4e8c0f\" width=\"13\" height=\"13\"><a rel=\"noreferrer noopener\" href=\"https:\/\/www.tombeedunid.fr\/\" target=\"_blank\">https:\/\/www.tombeedunid.fr\/<\/a><\/td><\/tr><\/tbody><\/table><\/figure>\n","protected":false},"excerpt":{"rendered":"<p>Ch\u00e8res familles, Le \ud83e\udde1 du Nid est fait pour vous&nbsp;! Entrez au C\u0153ur du Nid&nbsp;! \ud83e\udeba !!! L\u2019association \u00ab\u00a0Tomb\u00e9e du Nid\u00a0\u00bb dont la mission est d\u2019aider, faire grandir, et promouvoir entraide et soutien aupr\u00e8s des enfants porteurs de handicap et &hellip; <a href=\"https:\/\/www.afc69.fr\/?p=10804\">Continuer la lecture <span class=\"meta-nav\">&rarr;<\/span><\/a><\/p>\n","protected":false},"author":2,"featured_media":10836,"comment_status":"open","ping_status":"open","sticky":false,"template":"","format":"standard","meta":{"footnotes":""},"categories":[10],"tags":[],"class_list":["post-10804","post","type-post","status-publish","format-standard","has-post-thumbnail","hentry","category-services"],"_links":{"self":[{"href":"https:\/\/www.afc69.fr\/index.php?rest_route=\/wp\/v2\/posts\/10804","targetHints":{"allow":["GET"]}}],"collection":[{"href":"https:\/\/www.afc69.fr\/index.php?rest_route=\/wp\/v2\/posts"}],"about":[{"href":"https:\/\/www.afc69.fr\/index.php?rest_route=\/wp\/v2\/types\/post"}],"author":[{"embeddable":true,"href":"https:\/\/www.afc69.fr\/index.php?rest_route=\/wp\/v2\/users\/2"}],"replies":[{"embeddable":true,"href":"https:\/\/www.afc69.fr\/index.php?rest_route=%2Fwp%2Fv2%2Fcomments&post=10804"}],"version-history":[{"count":8,"href":"https:\/\/www.afc69.fr\/index.php?rest_route=\/wp\/v2\/posts\/10804\/revisions"}],"predecessor-version":[{"id":10839,"href":"https:\/\/www.afc69.fr\/index.php?rest_route=\/wp\/v2\/posts\/10804\/revisions\/10839"}],"wp:featuredmedia":[{"embeddable":true,"href":"https:\/\/www.afc69.fr\/index.php?rest_route=\/wp\/v2\/media\/10836"}],"wp:attachment":[{"href":"https:\/\/www.afc69.fr\/index.php?rest_route=%2Fwp%2Fv2%2Fmedia&parent=10804"}],"wp:term":[{"taxonomy":"category","embeddable":true,"href":"https:\/\/www.afc69.fr\/index.php?rest_route=%2Fwp%2Fv2%2Fcategories&post=10804"},{"taxonomy":"post_tag","embeddable":true,"href":"https:\/\/www.afc69.fr\/index.php?rest_route=%2Fwp%2Fv2%2Ftags&post=10804"}],"curies":[{"name":"wp","href":"https:\/\/api.w.org\/{rel}","templated":true}]}}