{"id":10705,"date":"2023-04-07T14:40:48","date_gmt":"2023-04-07T13:40:48","guid":{"rendered":"http:\/\/www.afc69.fr\/?p=10705"},"modified":"2023-04-06T13:39:15","modified_gmt":"2023-04-06T12:39:15","slug":"podcast-masculin-feminin-aimer-avec-nos-differences","status":"publish","type":"post","link":"https:\/\/www.afc69.fr\/?p=10705","title":{"rendered":"Podcast \u2013 Masculin\/f\u00e9minin : aimer avec nos diff\u00e9rences"},"content":{"rendered":"\n<p><strong>La conf\u00e9rence d\u2019Edith, conseill\u00e8re conjugale et familiale, et son mari Laurent Berlizot, \u00e0 r\u00e9\u00e9couter !<\/strong><\/p>\n\n\n\n<figure class=\"wp-block-image size-full\"><a href=\"https:\/\/www.afc69.fr\/wp-content\/uploads\/2023\/04\/image-4.png\"><img loading=\"lazy\" decoding=\"async\" width=\"1024\" height=\"637\" src=\"https:\/\/www.afc69.fr\/wp-content\/uploads\/2023\/04\/image-4.png\" alt=\"\" class=\"wp-image-10708\" srcset=\"https:\/\/www.afc69.fr\/wp-content\/uploads\/2023\/04\/image-4.png 1024w, https:\/\/www.afc69.fr\/wp-content\/uploads\/2023\/04\/image-4-300x187.png 300w, https:\/\/www.afc69.fr\/wp-content\/uploads\/2023\/04\/image-4-768x478.png 768w, https:\/\/www.afc69.fr\/wp-content\/uploads\/2023\/04\/image-4-482x300.png 482w\" sizes=\"auto, (max-width: 1024px) 100vw, 1024px\" \/><\/a><\/figure>\n\n\n\n<p>La CNAFC propose \u00e0 tous les couples un cycle de conf\u00e9rence en trois dates :<\/p>\n\n\n\n<ul class=\"wp-block-list\">\n<li><strong>24 janvier<\/strong>&nbsp;: Comment surmonter les crises ?<\/li>\n\n\n\n<li><strong>30 mars<\/strong>&nbsp;: F\u00e9minin \/ Masculin : aimer avec nos diff\u00e9rences<\/li>\n\n\n\n<li><strong>25 mai<\/strong>&nbsp;: Quelles ressources pour le couple ?<\/li>\n<\/ul>\n\n\n\n<p>Pour la deuxi\u00e8me visioconf\u00e9rence, Edith, conseill\u00e8re conjugale et familiale, et son mari Laurent Berlizot nous parlent de la force et des difficult\u00e9s des diff\u00e9rences dans le couple et les vivre au quotidien. A (re)voir en vid\u00e9o ou \u00e0 (r\u00e9)\u00e9couter en podcast en-dessous: <a href=\"https:\/\/www.afc-france.org\/couple\/au-quotidien\/podcast-masculin-feminin-aimer-avec-nos-differences\/\">https:\/\/www.afc-france.org\/couple\/au-quotidien\/podcast-masculin-feminin-aimer-avec-nos-differences\/<\/a><\/p>\n\n\n\n<figure class=\"wp-block-embed is-type-video is-provider-youtube wp-block-embed-youtube wp-embed-aspect-16-9 wp-has-aspect-ratio\"><div class=\"wp-block-embed__wrapper\">\n<iframe loading=\"lazy\" title=\"Couple - Masculin\/f\u00e9minin : aimer avec nos diff\u00e9rences\" width=\"584\" height=\"329\" src=\"https:\/\/www.youtube.com\/embed\/hAZH6upGkcc?feature=oembed\" frameborder=\"0\" allow=\"accelerometer; autoplay; clipboard-write; encrypted-media; gyroscope; picture-in-picture; web-share\" referrerpolicy=\"strict-origin-when-cross-origin\" allowfullscreen><\/iframe>\n<\/div><\/figure>\n","protected":false},"excerpt":{"rendered":"<p>La conf\u00e9rence d\u2019Edith, conseill\u00e8re conjugale et familiale, et son mari Laurent Berlizot, \u00e0 r\u00e9\u00e9couter ! La CNAFC propose \u00e0 tous les couples un cycle de conf\u00e9rence en trois dates : Pour la deuxi\u00e8me visioconf\u00e9rence, Edith, conseill\u00e8re conjugale et familiale, et &hellip; <a href=\"https:\/\/www.afc69.fr\/?p=10705\">Continuer la lecture <span class=\"meta-nav\">&rarr;<\/span><\/a><\/p>\n","protected":false},"author":2,"featured_media":10706,"comment_status":"open","ping_status":"open","sticky":false,"template":"","format":"standard","meta":{"footnotes":""},"categories":[87,22],"tags":[],"class_list":["post-10705","post","type-post","status-publish","format-standard","has-post-thumbnail","hentry","category-cnafc","category-conferences"],"_links":{"self":[{"href":"https:\/\/www.afc69.fr\/index.php?rest_route=\/wp\/v2\/posts\/10705","targetHints":{"allow":["GET"]}}],"collection":[{"href":"https:\/\/www.afc69.fr\/index.php?rest_route=\/wp\/v2\/posts"}],"about":[{"href":"https:\/\/www.afc69.fr\/index.php?rest_route=\/wp\/v2\/types\/post"}],"author":[{"embeddable":true,"href":"https:\/\/www.afc69.fr\/index.php?rest_route=\/wp\/v2\/users\/2"}],"replies":[{"embeddable":true,"href":"https:\/\/www.afc69.fr\/index.php?rest_route=%2Fwp%2Fv2%2Fcomments&post=10705"}],"version-history":[{"count":4,"href":"https:\/\/www.afc69.fr\/index.php?rest_route=\/wp\/v2\/posts\/10705\/revisions"}],"predecessor-version":[{"id":10724,"href":"https:\/\/www.afc69.fr\/index.php?rest_route=\/wp\/v2\/posts\/10705\/revisions\/10724"}],"wp:featuredmedia":[{"embeddable":true,"href":"https:\/\/www.afc69.fr\/index.php?rest_route=\/wp\/v2\/media\/10706"}],"wp:attachment":[{"href":"https:\/\/www.afc69.fr\/index.php?rest_route=%2Fwp%2Fv2%2Fmedia&parent=10705"}],"wp:term":[{"taxonomy":"category","embeddable":true,"href":"https:\/\/www.afc69.fr\/index.php?rest_route=%2Fwp%2Fv2%2Fcategories&post=10705"},{"taxonomy":"post_tag","embeddable":true,"href":"https:\/\/www.afc69.fr\/index.php?rest_route=%2Fwp%2Fv2%2Ftags&post=10705"}],"curies":[{"name":"wp","href":"https:\/\/api.w.org\/{rel}","templated":true}]}}