{"id":10609,"date":"2023-03-24T14:30:31","date_gmt":"2023-03-24T13:30:31","guid":{"rendered":"http:\/\/www.afc69.fr\/?p=10609"},"modified":"2023-03-24T11:41:31","modified_gmt":"2023-03-24T10:41:31","slug":"tribune-de-mgr-olivier-de-germay-sur-le-projet-de-loi-sur-la-fin-de-vie","status":"publish","type":"post","link":"https:\/\/www.afc69.fr\/?p=10609","title":{"rendered":"Tribune de Mgr Olivier de Germay sur le projet de loi sur la fin de vie"},"content":{"rendered":"\n<h1 class=\"wp-block-heading\">Fin de vie ou fin de coh\u00e9sion sociale ?<\/h1>\n\n\n\n<h3 class=\"wp-block-heading\">Publi\u00e9e mardi 14 mars 2023.<\/h3>\n\n\n\n<p>Alors que la Convention citoyenne sur la fin de vie se prononcera, semble-t-il, en faveur de l\u2019euthanasie et du suicide assist\u00e9, il est encore temps d\u2019ouvrir les yeux sur ce qui est en train de se passer. L\u2019interdit de tuer \u2013 qui est dans toute soci\u00e9t\u00e9 l\u2019un des principaux piliers de la coh\u00e9sion sociale \u2013 menace de s\u2019\u00e9crouler.<\/p>\n\n\n\n<p>Treize organisations professionnelles de sant\u00e9, repr\u00e9sentant 700&nbsp;000 soignants, ont r\u00e9cemment exprim\u00e9 leur opposition \u00e0 ce projet de loi. Donner la mort ne saurait \u00eatre consid\u00e9r\u00e9 comme un soin, nous disent-ils. Et un simple artifice de langage ne saurait \u00e9touffer le cri de notre conscience.<\/p>\n\n\n\n<p>Les personnes favorables \u00e0 l\u2019euthanasie et au suicide assist\u00e9 invoquent le respect des droits individuels. Cette attention est importante, bien entendu, mais tout le monde sait qu\u2019elle doit s\u2019articuler avec le souci du bien commun. Sinon, on ne s\u2019arr\u00eaterait plus aux feux rouges.<\/p>\n\n\n\n<p>L\u2019enjeu est l\u00e0. A force d\u2019\u00e9riger les droits individuels en absolu, on finit par ne plus voir les \u00e9volutions qu\u2019ils induisent dans la soci\u00e9t\u00e9 tout enti\u00e8re. Or les lois dites \u00ab&nbsp;soci\u00e9tales&nbsp;\u00bb ne concernent pas que des individus. Comme leur nom l\u2019indique, elles transforment et fa\u00e7onnent la soci\u00e9t\u00e9.<\/p>\n\n\n\n<p>Les mesures prises ces derni\u00e8res ann\u00e9es en faveur des personnes porteuses de handicap, ou celles pour pr\u00e9venir le suicide des jeunes, m\u00eame si elles sont imparfaites, vont dans le bon sens. Elles rappellent qu\u2019une soci\u00e9t\u00e9 va mieux lorsqu\u2019elle prend soin de la fragilit\u00e9. Elles disent aux personnes vuln\u00e9rables que leur vie a du prix et vaut le coup d\u2019\u00eatre v\u00e9cue. Elles encouragent aussi des personnes \u00e0 oser la rencontre avec les plus fragiles, et \u00e0 faire l\u2019exp\u00e9rience que de telles rencontres nous enrichissent.<\/p>\n\n\n\n<p>Va-t-on faire marche arri\u00e8re en l\u00e9galisant l\u2019euthanasie et le suicide assist\u00e9&nbsp;? Quel message va-t-on envoyer aux personnes en fin de vie&nbsp;? Qu\u2019elles sont un poids pour la soci\u00e9t\u00e9&nbsp;? Qu\u2019elles co\u00fbtent cher&nbsp;? Que tout irait mieux si elles disparaissaient&nbsp;? Qu\u2019on ne tient pas \u00e0 elles&nbsp;? On invoque parfois la libert\u00e9 de choisir de vivre ou de mourir. Sous une telle pression de l\u2019entourage, de quelle libert\u00e9 parle-t-on&nbsp;?<\/p>\n\n\n\n<p>Les parlementaires qui devront se prononcer portent une lourde responsabilit\u00e9. Cette loi d\u00e9passe en effet largement le cadre de son objet. Si le respect de la vie humaine est remis\u00e9 dans un angle mort de notre conscience collective, si le fait de donner la mort est banalis\u00e9, faudra-t-il s\u2019\u00e9tonner de la mont\u00e9e de la violence&nbsp;? Si les libert\u00e9s individuelles deviennent le crit\u00e8re principal pour r\u00e9gir la vie en soci\u00e9t\u00e9, faudra-t-il s\u2019\u00e9tonner de voir l\u2019individualisme grandissant ruiner la coh\u00e9sion sociale&nbsp;?<\/p>\n\n\n\n<p>+ Olivier de Germay<\/p>\n\n\n\n<p>Archev\u00eaque de Lyon<\/p>\n","protected":false},"excerpt":{"rendered":"<p>Fin de vie ou fin de coh\u00e9sion sociale ? Publi\u00e9e mardi 14 mars 2023. Alors que la Convention citoyenne sur la fin de vie se prononcera, semble-t-il, en faveur de l\u2019euthanasie et du suicide assist\u00e9, il est encore temps d\u2019ouvrir &hellip; <a href=\"https:\/\/www.afc69.fr\/?p=10609\">Continuer la lecture <span class=\"meta-nav\">&rarr;<\/span><\/a><\/p>\n","protected":false},"author":2,"featured_media":9955,"comment_status":"open","ping_status":"open","sticky":false,"template":"","format":"standard","meta":{"footnotes":""},"categories":[60],"tags":[],"class_list":["post-10609","post","type-post","status-publish","format-standard","has-post-thumbnail","hentry","category-communiques-de-presse"],"_links":{"self":[{"href":"https:\/\/www.afc69.fr\/index.php?rest_route=\/wp\/v2\/posts\/10609","targetHints":{"allow":["GET"]}}],"collection":[{"href":"https:\/\/www.afc69.fr\/index.php?rest_route=\/wp\/v2\/posts"}],"about":[{"href":"https:\/\/www.afc69.fr\/index.php?rest_route=\/wp\/v2\/types\/post"}],"author":[{"embeddable":true,"href":"https:\/\/www.afc69.fr\/index.php?rest_route=\/wp\/v2\/users\/2"}],"replies":[{"embeddable":true,"href":"https:\/\/www.afc69.fr\/index.php?rest_route=%2Fwp%2Fv2%2Fcomments&post=10609"}],"version-history":[{"count":1,"href":"https:\/\/www.afc69.fr\/index.php?rest_route=\/wp\/v2\/posts\/10609\/revisions"}],"predecessor-version":[{"id":10610,"href":"https:\/\/www.afc69.fr\/index.php?rest_route=\/wp\/v2\/posts\/10609\/revisions\/10610"}],"wp:featuredmedia":[{"embeddable":true,"href":"https:\/\/www.afc69.fr\/index.php?rest_route=\/wp\/v2\/media\/9955"}],"wp:attachment":[{"href":"https:\/\/www.afc69.fr\/index.php?rest_route=%2Fwp%2Fv2%2Fmedia&parent=10609"}],"wp:term":[{"taxonomy":"category","embeddable":true,"href":"https:\/\/www.afc69.fr\/index.php?rest_route=%2Fwp%2Fv2%2Fcategories&post=10609"},{"taxonomy":"post_tag","embeddable":true,"href":"https:\/\/www.afc69.fr\/index.php?rest_route=%2Fwp%2Fv2%2Ftags&post=10609"}],"curies":[{"name":"wp","href":"https:\/\/api.w.org\/{rel}","templated":true}]}}