{"id":10462,"date":"2023-03-03T14:40:21","date_gmt":"2023-03-03T13:40:21","guid":{"rendered":"http:\/\/www.afc69.fr\/?p=10462"},"modified":"2023-03-03T10:38:29","modified_gmt":"2023-03-03T09:38:29","slug":"la-fin-de-vie-ce-quen-dit-la-doctrine-sociale-de-leglise","status":"publish","type":"post","link":"https:\/\/www.afc69.fr\/?p=10462","title":{"rendered":"La fin de vie : ce qu\u2019en dit la Doctrine sociale de l\u2019\u00c9glise"},"content":{"rendered":"\n<p class=\"has-text-align-center\">Alors que le pape Fran\u00e7ois a r\u00e9cemment abord\u00e9 par deux fois le th\u00e8me de la vieillesse, revenons sur ce que dit le magist\u00e8re.<\/p>\n\n\n<div class=\"wp-block-image\">\n<figure class=\"aligncenter size-large is-resized\"><a href=\"https:\/\/www.afc-france.org\/famille\/sante\/la-fin-de-vie-ce-quen-dit-la-doctrine-sociale-de-leglise\/\"><img loading=\"lazy\" decoding=\"async\" src=\"https:\/\/www.afc69.fr\/wp-content\/uploads\/2023\/03\/image-7-1024x637.png\" alt=\"\" class=\"wp-image-10463\" width=\"393\" height=\"245\" srcset=\"https:\/\/www.afc69.fr\/wp-content\/uploads\/2023\/03\/image-7-1024x637.png 1024w, https:\/\/www.afc69.fr\/wp-content\/uploads\/2023\/03\/image-7-300x186.png 300w, https:\/\/www.afc69.fr\/wp-content\/uploads\/2023\/03\/image-7-768x477.png 768w, https:\/\/www.afc69.fr\/wp-content\/uploads\/2023\/03\/image-7-483x300.png 483w, https:\/\/www.afc69.fr\/wp-content\/uploads\/2023\/03\/image-7.png 1110w\" sizes=\"auto, (max-width: 393px) 100vw, 393px\" \/><\/a><\/figure>\n<\/div>\n\n\n<h2 class=\"wp-block-heading\"><strong>Le magist\u00e8re de la fragilit\u00e9<\/strong><\/h2>\n\n\n\n<p>En d\u00e9consid\u00e9rant la vieillesse, notre soci\u00e9t\u00e9 manque de charit\u00e9 \u00e0 l\u2019\u00e9gard des personnes \u00e2g\u00e9es, mais elle se coupe surtout d\u2019une ressource vitale.<\/p>\n\n\n\n<p>Le pape Fran\u00e7ois a r\u00e9cemment abord\u00e9 par deux fois le th\u00e8me de la vieillesse, lors de la pri\u00e8re de l\u2019Ang\u00e9lus place Saint-Pierre. Cet \u00e2ge o\u00f9 \u00ab&nbsp;<em>le souvenir des labeurs surmont\u00e9s et des bienfaits re\u00e7us est mis \u00e0 l\u2019\u00e9preuve de la foi et de l\u2019esp\u00e9rance<\/em>&nbsp;\u00bb, d\u00e9clare-t-il (1er juin 2022) en commentant le psaume 70 : \u00ab&nbsp;<em>Ne m\u2019abandonne pas alors que d\u00e9cline ma vigueur<\/em>&nbsp;\u00bb. Le pape n\u2019a pas de mots assez forts pour condamner la \u00ab&nbsp;<em>l\u00e2chet\u00e9 dans laquelle notre soci\u00e9t\u00e9 est en train de se sp\u00e9cialiser<\/em>&nbsp;\u00bb : \u00ab&nbsp;<em>Dans cette soci\u00e9t\u00e9 du d\u00e9chet, les personnes \u00e2g\u00e9es sont mises \u00e0 l\u2019\u00e9cart et souffrent.<\/em>&nbsp;\u00bb Abus\u00e9es par des profiteurs, les personnes vieillissantes sont aussi parfois abandonn\u00e9es par leurs familles, bl\u00e2me Fran\u00e7ois : \u00ab&nbsp;<em>Les personnes \u00e2g\u00e9es sont mises \u00e0 l\u2019\u00e9cart, abandonn\u00e9es dans les maisons de retraite, sans que leurs enfants leur rendent visite, ou s\u2019ils y vont, ils y vont si peu de fois par an. Les personnes \u00e2g\u00e9es se retrouvent mises au coin de l\u2019existence.<\/em>&nbsp;\u00bb Ainsi, continue le pape octog\u00e9naire, \u00ab&nbsp;<em>nous sommes tous tent\u00e9s de cacher notre vuln\u00e9rabilit\u00e9, de dissimuler notre maladie, notre \u00e2ge, et notre vieillesse, puisque nous craignons que ce soit l\u2019antichambre de notre perte de dignit\u00e9.<\/em>&nbsp;\u00bb<\/p>\n\n\n\n<p>Pourtant, comme le psalmiste, \u00ab&nbsp;<em>les personnes \u00e2g\u00e9es, en raison de leur faiblesse, peuvent enseigner \u00e0 ceux qui sont \u00e0 d\u2019autres \u00e2ges de la vie que tous nous avons besoin de nous abandonner au Seigneur, d\u2019invoquer son aide. En ce sens, nous devons tous apprendre de la vieillesse. [\u2026] Il existe donc un \u201cmagist\u00e8re de la fragilit\u00e9\u201d [qui] ouvre un horizon d\u00e9cisif pour la r\u00e9forme de notre propre civilisation.<\/em>&nbsp;\u00bb Les personnes \u00e2g\u00e9es sont une ressource pour la soci\u00e9t\u00e9 toute enti\u00e8re, comme l\u2019affirme le Compendium de la Doctrine sociale de l\u2019\u00c9glise (\u00a7222) : \u00ab&nbsp;<em>Elles peuvent non seulement t\u00e9moigner qu\u2019il y a des secteurs de la vie, comme les valeurs humaines et culturelles,&nbsp;<\/em><em>morales et sociales, qui ne se mesurent pas en termes \u00e9conomiques et de profit, mais elles peuvent aussi offrir un apport concret dans le domaine du travail et de la responsabilit\u00e9. [\u2026] Comme le dit l\u2019\u00c9criture sainte, les personnes \u201cdans la vieillesse portent encore du<\/em><br><em>fruit\u201d<\/em>&nbsp;\u00bb.<\/p>\n\n\n\n<p>Commentant justement ce passage de l\u2019\u00c9criture sainte (psaume 92) lors de l\u2019Ang\u00e9lus du 24 juillet, le pape Fran\u00e7ois a appel\u00e9 les personnes \u00e2g\u00e9es \u00e0 d\u00e9passer leurs craintes : \u00ab\u00a0<em>La vieillesse est une saison difficile \u00e0 comprendre, m\u00eame pour nous qui la vivons d\u00e9j\u00e0. [\u2026] Nous devons veiller sur nous-m\u00eames et apprendre \u00e0 mener une vieillesse active, m\u00eame du point de vue spirituel, en cultivant notre vie int\u00e9rieure \u00e0 travers la lecture assidue de la Parole de Dieu, la pri\u00e8re quotidienne, l\u2019usage des sacrements et la participation \u00e0 la liturgie<\/em>\u00a0\u00bb, leur a enjoint le pape. Devant la duret\u00e9 des temps, \u00ab\u00a0<em>nous avons besoin d\u2019un changement profond, d\u2019une conversion qui d\u00e9militarise les c\u0153urs en permettant \u00e0 chacun de reconna\u00eetre en l\u2019autre- un fr\u00e8re. Et nous, grands-parents et personnes \u00e2g\u00e9es, avons une grande responsabilit\u00e9 : enseigner aux femmes et aux hommes de notre temps \u00e0 voir les autres avec le m\u00eame regard compr\u00e9hensif et tendre que nous portons sur nos petits-enfants. Nous avons affin\u00e9 notre humanit\u00e9 en prenant soin des autres et, aujourd\u2019hui, nous pouvons \u00eatre des ma\u00eetres d\u2019une mani\u00e8re de vivre pacifique et attentive aux plus faibles.<\/em>\u00a0\u00bb<\/p>\n\n\n\n<h2 class=\"wp-block-heading\">Billet spirituel<\/h2>\n\n\n\n<h3 class=\"wp-block-heading\">Tu peux laisser ton serviteur s\u2019en aller en paix<\/h3>\n\n\n\n<p>R\u00e9cemment, un m\u00e9decin exer\u00e7ant au sein d\u2019une unit\u00e9 de soins palliatifs recevait une jeune femme lourdement malade venant lui demander de l\u2019aider \u00e0 mourir. Le m\u00e9decin l\u2019\u00e9couta longuement. Au terme de l\u2019entretien, elle demanda : \u00ab Au fait, docteur, pourrez-vous aussi penser \u00e0 me vacciner contre le Covid ? \u00bb Le temps d\u2019un entretien poignant, lourd, mais plein d\u2019attention, de d\u00e9licatesse et de respect, l\u2019envie d\u2019en finir avait laiss\u00e9 place au d\u00e9sir de vivre.<\/p>\n\n\n\n<p>Mais il n\u2019en est pas toujours ainsi dans les familles pour les parents \u00e2g\u00e9s en fin de vie, quand le sentiment d\u2019inutilit\u00e9 occupe toute leur conscience et que la vie a perdu toute saveur. Pour les proches, recevoir ces paroles de d\u00e9sespoir est un choc, cause de questionnements, d\u2019inqui\u00e9tudes et de souffrance. L\u2019accompagnement dans la dur\u00e9e est lourd. La tentation de c\u00e9der au d\u00e9sespoir du parent souffrant peut \u00eatre tr\u00e8s forte. La tentation d\u2019abr\u00e9ger ses souffrances en \u00e9courtant sa vie peut appara\u00eetre.<\/p>\n\n\n\n<p>\u00ab C\u2019est Toi qui donnes la vie \u00bb dit la pri\u00e8re eucharistique n\u00b0 3. C\u2019est&nbsp; \u00e9galement le seigneur qui la reprend, comme il veut, quand il veut. dans ces moments de grande humanit\u00e9, qu\u2019il est bon de ne pas porter seul cet accompagnement et d\u2019\u00eatre habit\u00e9 int\u00e9rieurement par la foi confiante du vieillard Sim\u00e9on, illumin\u00e9e par la rencontre avec le christ. \u00catre l\u00e0, ensemble, en pri\u00e8re ou silencieux, main dans la main, c\u2019est se pr\u00e9parer \u00e0 ce dessaisissement qui approche, pour que le grand passage se vive dans la paix, pour celui qui part comme pour ceux qui poursuivront l\u2019aventure de la vie.<\/p>\n\n\n\n<p><em>Pierre Deprecq, aumonier de la f\u00e9d\u00e9ration des AFC de Bordeaux<\/em><\/p>\n","protected":false},"excerpt":{"rendered":"<p>Alors que le pape Fran\u00e7ois a r\u00e9cemment abord\u00e9 par deux fois le th\u00e8me de la vieillesse, revenons sur ce que dit le magist\u00e8re. Le magist\u00e8re de la fragilit\u00e9 En d\u00e9consid\u00e9rant la vieillesse, notre soci\u00e9t\u00e9 manque de charit\u00e9 \u00e0 l\u2019\u00e9gard des &hellip; <a href=\"https:\/\/www.afc69.fr\/?p=10462\">Continuer la lecture <span class=\"meta-nav\">&rarr;<\/span><\/a><\/p>\n","protected":false},"author":2,"featured_media":10463,"comment_status":"open","ping_status":"open","sticky":false,"template":"","format":"standard","meta":{"footnotes":""},"categories":[87],"tags":[],"class_list":["post-10462","post","type-post","status-publish","format-standard","has-post-thumbnail","hentry","category-cnafc"],"_links":{"self":[{"href":"https:\/\/www.afc69.fr\/index.php?rest_route=\/wp\/v2\/posts\/10462","targetHints":{"allow":["GET"]}}],"collection":[{"href":"https:\/\/www.afc69.fr\/index.php?rest_route=\/wp\/v2\/posts"}],"about":[{"href":"https:\/\/www.afc69.fr\/index.php?rest_route=\/wp\/v2\/types\/post"}],"author":[{"embeddable":true,"href":"https:\/\/www.afc69.fr\/index.php?rest_route=\/wp\/v2\/users\/2"}],"replies":[{"embeddable":true,"href":"https:\/\/www.afc69.fr\/index.php?rest_route=%2Fwp%2Fv2%2Fcomments&post=10462"}],"version-history":[{"count":2,"href":"https:\/\/www.afc69.fr\/index.php?rest_route=\/wp\/v2\/posts\/10462\/revisions"}],"predecessor-version":[{"id":10465,"href":"https:\/\/www.afc69.fr\/index.php?rest_route=\/wp\/v2\/posts\/10462\/revisions\/10465"}],"wp:featuredmedia":[{"embeddable":true,"href":"https:\/\/www.afc69.fr\/index.php?rest_route=\/wp\/v2\/media\/10463"}],"wp:attachment":[{"href":"https:\/\/www.afc69.fr\/index.php?rest_route=%2Fwp%2Fv2%2Fmedia&parent=10462"}],"wp:term":[{"taxonomy":"category","embeddable":true,"href":"https:\/\/www.afc69.fr\/index.php?rest_route=%2Fwp%2Fv2%2Fcategories&post=10462"},{"taxonomy":"post_tag","embeddable":true,"href":"https:\/\/www.afc69.fr\/index.php?rest_route=%2Fwp%2Fv2%2Ftags&post=10462"}],"curies":[{"name":"wp","href":"https:\/\/api.w.org\/{rel}","templated":true}]}}